{"id":168902,"date":"2015-09-23T09:13:53","date_gmt":"2015-09-23T07:13:53","guid":{"rendered":"http:\/\/www.radioluna.it\/news\/?p=168902"},"modified":"2015-09-23T09:13:53","modified_gmt":"2015-09-23T07:13:53","slug":"percorsi-didentita-il-classico-di-latina-realizzara-il-museo-virtuale-della-bonifica","status":"publish","type":"post","link":"https:\/\/www.radioluna.it\/news\/2015\/09\/percorsi-didentita-il-classico-di-latina-realizzara-il-museo-virtuale-della-bonifica\/","title":{"rendered":"Percorsi d&#8217;Identit\u00e0, il Classico di Latina realizzar\u00e0 il Museo Virtuale della Bonifica"},"content":{"rendered":"<div id=\"fb-root\"><\/div>\n<p style=\"text-align: justify;\"><strong><a href=\"http:\/\/www.radioluna.it\/news\/wp-content\/uploads\/2014\/10\/Classico31.jpg\"><img loading=\"lazy\" decoding=\"async\" class=\"aligncenter size-thumbnail wp-image-156216\" src=\"http:\/\/www.radioluna.it\/news\/wp-content\/uploads\/2014\/10\/Classico31-635x476.jpg\" alt=\"Classico\" width=\"635\" height=\"476\" srcset=\"https:\/\/www.radioluna.it\/news\/wp-content\/uploads\/2014\/10\/Classico31-635x476.jpg 635w, https:\/\/www.radioluna.it\/news\/wp-content\/uploads\/2014\/10\/Classico31-500x375.jpg 500w, https:\/\/www.radioluna.it\/news\/wp-content\/uploads\/2014\/10\/Classico31-300x225.jpg 300w, https:\/\/www.radioluna.it\/news\/wp-content\/uploads\/2014\/10\/Classico31.jpg 640w\" sizes=\"auto, (max-width: 635px) 100vw, 635px\" \/><\/a>LATINA<\/strong> &#8211;\u00a0E\u2019 stato presentato nei giorni scorsi presso l\u2019auditorium del liceo classico Dante Alighieri di Latina il progetto \u201cPercorsi di identit\u00e0. Storie di vita, territori e bonifiche\u201d con l&#8217;obiettivo di favorire il sentimento di identit\u00e0 territoriale nei giovani, partendo dallo studio della Bonifica per arrivare alla realizzazione di un Museo Virtuale della Bonifica, &#8220;costruito&#8221; dagli studenti del Liceo Dante Alighieri di Latina.<\/p>\n<p style=\"text-align: justify;\">L&#8217; iniziativa (finanziata dall\u2019Upi con una somma di 60.000,00 euro) \u00a0\u00e8 partita da un&#8217; attivit\u00e0 di recupero e raccolta di materiale relativo alla bonifica e da un laboratorio didattico sui percorsi d&#8217;identit\u00e0 per puntare la creazione del Museo della Bonifica virtuale attraverso la realizzazione di una specifica App e di un sito internet (www.percorsididentita.it).<\/p>\n<p style=\"text-align: justify;\">\u201cLe nuove tecnologie \u2013 ha affermato il vice presidente della Provincia, Giovanni Bernasconi &#8211; hanno consentito ai giovani che hanno partecipato a questo importante progetto di studiare la nostra storia rendendola fruibile in anche ai loro compagni e alle altre scuole. Per questo, il progetto Be@ctive, \u00e8 un importante punto di partenza&#8221;.<\/p>\n<p style=\"text-align: justify;\">Con l&#8217;Upi hanno co-fiananziato il progetto, l\u2019Agenzia nazionale Giovani con la partecipazione della Provincia di Latina, dei Comuni di Cisterna e Latina, l\u2019Istituto di istruzione superiore liceo Classico Alighieri di Latina e la cooperativa Melting Pro.<\/p>\n","protected":false},"excerpt":{"rendered":"<p>LATINA &#8211;\u00a0E\u2019 stato presentato nei giorni scorsi presso l\u2019auditorium del liceo classico Dante Alighieri di Latina il progetto \u201cPercorsi di identit\u00e0. Storie di vita, territori e bonifiche\u201d con l&#8217;obiettivo di favorire il sentimento di identit\u00e0 territoriale nei giovani, partendo dallo studio della Bonifica per arrivare alla realizzazione di un Museo Virtuale della Bonifica, &#8220;costruito&#8221; dagli [&hellip;]<\/p>\n","protected":false},"author":62,"featured_media":156216,"comment_status":"open","ping_status":"closed","sticky":false,"template":"","format":"standard","meta":{"footnotes":""},"categories":[248],"tags":[],"class_list":["post-168902","post","type-post","status-publish","format-standard","has-post-thumbnail","hentry","category-istruzione"],"_links":{"self":[{"href":"https:\/\/www.radioluna.it\/news\/wp-json\/wp\/v2\/posts\/168902","targetHints":{"allow":["GET"]}}],"collection":[{"href":"https:\/\/www.radioluna.it\/news\/wp-json\/wp\/v2\/posts"}],"about":[{"href":"https:\/\/www.radioluna.it\/news\/wp-json\/wp\/v2\/types\/post"}],"author":[{"embeddable":true,"href":"https:\/\/www.radioluna.it\/news\/wp-json\/wp\/v2\/users\/62"}],"replies":[{"embeddable":true,"href":"https:\/\/www.radioluna.it\/news\/wp-json\/wp\/v2\/comments?post=168902"}],"version-history":[{"count":0,"href":"https:\/\/www.radioluna.it\/news\/wp-json\/wp\/v2\/posts\/168902\/revisions"}],"wp:featuredmedia":[{"embeddable":true,"href":"https:\/\/www.radioluna.it\/news\/wp-json\/wp\/v2\/media\/156216"}],"wp:attachment":[{"href":"https:\/\/www.radioluna.it\/news\/wp-json\/wp\/v2\/media?parent=168902"}],"wp:term":[{"taxonomy":"category","embeddable":true,"href":"https:\/\/www.radioluna.it\/news\/wp-json\/wp\/v2\/categories?post=168902"},{"taxonomy":"post_tag","embeddable":true,"href":"https:\/\/www.radioluna.it\/news\/wp-json\/wp\/v2\/tags?post=168902"}],"curies":[{"name":"wp","href":"https:\/\/api.w.org\/{rel}","templated":true}]}}