{"id":168936,"date":"2015-09-24T00:32:16","date_gmt":"2015-09-23T22:32:16","guid":{"rendered":"http:\/\/www.radioluna.it\/news\/?p=168936"},"modified":"2015-09-24T00:33:59","modified_gmt":"2015-09-23T22:33:59","slug":"latina-scontro-frontale-tra-due-auto-tre-feriti","status":"publish","type":"post","link":"https:\/\/www.radioluna.it\/news\/2015\/09\/latina-scontro-frontale-tra-due-auto-tre-feriti\/","title":{"rendered":"Latina, scontro frontale tra due auto, tre feriti. Grave una ragazza"},"content":{"rendered":"<div id=\"fb-root\"><\/div>\n<div id=\"attachment_104340\" style=\"width: 160px\" class=\"wp-caption aligncenter\"><a href=\"http:\/\/www.radioluna.it\/news\/wp-content\/uploads\/2011\/06\/Polizia_Stradale_generica.jpg\"><img loading=\"lazy\" decoding=\"async\" aria-describedby=\"caption-attachment-104340\" class=\"size-thumbnail wp-image-104340\" src=\"http:\/\/www.radioluna.it\/news\/wp-content\/uploads\/2011\/06\/Polizia_Stradale_generica-150x150.jpg\" alt=\"Incidente\" width=\"150\" height=\"150\" srcset=\"https:\/\/www.radioluna.it\/news\/wp-content\/uploads\/2011\/06\/Polizia_Stradale_generica-150x150.jpg 150w, https:\/\/www.radioluna.it\/news\/wp-content\/uploads\/2011\/06\/Polizia_Stradale_generica-80x80.jpg 80w, https:\/\/www.radioluna.it\/news\/wp-content\/uploads\/2011\/06\/Polizia_Stradale_generica-70x70.jpg 70w, https:\/\/www.radioluna.it\/news\/wp-content\/uploads\/2011\/06\/Polizia_Stradale_generica-115x115.jpg 115w, https:\/\/www.radioluna.it\/news\/wp-content\/uploads\/2011\/06\/Polizia_Stradale_generica-220x220.jpg 220w\" sizes=\"auto, (max-width: 150px) 100vw, 150px\" \/><\/a><p id=\"caption-attachment-104340\" class=\"wp-caption-text\">Incidente<\/p><\/div>\n<p style=\"text-align: justify;\">LATINA- E&#8217; di tre feriti il bilancio di un grave incidente stradale avvenuto ieri pomeriggio alle 16 in via Albanese, una strada parallela alla Pontina alla periferia del capoluogo. In uno scontro frontale tra una Renault Laguna su cui viaggiava una coppia di stranieri e una Lancia Ypsillon, due donne, tra cui una ragazza du 28 anni di Latina, hanno riportato la peggio. La Lancia a causa del violento impatto con la Renault si \u00e8 anche ribaltata. I feriti sono arrivati in codice rosso al Goretti e il quadro clinico \u00e8 molto delicato. La dinamica dell&#8217;incidente \u00e8 in fase di ricostruzione da parte della polizia stradale di Aprilia.<\/p>\n<p style=\"text-align: justify;\">\n","protected":false},"excerpt":{"rendered":"<p>LATINA- E&#8217; di tre feriti il bilancio di un grave incidente stradale avvenuto ieri pomeriggio alle 16 in via Albanese, una strada parallela alla Pontina alla periferia del capoluogo. In uno scontro frontale tra una Renault Laguna su cui viaggiava una coppia di stranieri e una Lancia Ypsillon, due donne, tra cui una ragazza du [&hellip;]<\/p>\n","protected":false},"author":60,"featured_media":104340,"comment_status":"open","ping_status":"closed","sticky":false,"template":"","format":"standard","meta":{"footnotes":""},"categories":[7],"tags":[],"class_list":["post-168936","post","type-post","status-publish","format-standard","has-post-thumbnail","hentry","category-cronaca"],"_links":{"self":[{"href":"https:\/\/www.radioluna.it\/news\/wp-json\/wp\/v2\/posts\/168936","targetHints":{"allow":["GET"]}}],"collection":[{"href":"https:\/\/www.radioluna.it\/news\/wp-json\/wp\/v2\/posts"}],"about":[{"href":"https:\/\/www.radioluna.it\/news\/wp-json\/wp\/v2\/types\/post"}],"author":[{"embeddable":true,"href":"https:\/\/www.radioluna.it\/news\/wp-json\/wp\/v2\/users\/60"}],"replies":[{"embeddable":true,"href":"https:\/\/www.radioluna.it\/news\/wp-json\/wp\/v2\/comments?post=168936"}],"version-history":[{"count":0,"href":"https:\/\/www.radioluna.it\/news\/wp-json\/wp\/v2\/posts\/168936\/revisions"}],"wp:featuredmedia":[{"embeddable":true,"href":"https:\/\/www.radioluna.it\/news\/wp-json\/wp\/v2\/media\/104340"}],"wp:attachment":[{"href":"https:\/\/www.radioluna.it\/news\/wp-json\/wp\/v2\/media?parent=168936"}],"wp:term":[{"taxonomy":"category","embeddable":true,"href":"https:\/\/www.radioluna.it\/news\/wp-json\/wp\/v2\/categories?post=168936"},{"taxonomy":"post_tag","embeddable":true,"href":"https:\/\/www.radioluna.it\/news\/wp-json\/wp\/v2\/tags?post=168936"}],"curies":[{"name":"wp","href":"https:\/\/api.w.org\/{rel}","templated":true}]}}