{"id":168946,"date":"2015-09-24T10:34:31","date_gmt":"2015-09-24T08:34:31","guid":{"rendered":"http:\/\/www.radioluna.it\/news\/?p=168946"},"modified":"2015-09-24T10:34:31","modified_gmt":"2015-09-24T08:34:31","slug":"latina-si-presenta-il-capitano-e-tavernelli","status":"publish","type":"post","link":"https:\/\/www.radioluna.it\/news\/2015\/09\/latina-si-presenta-il-capitano-e-tavernelli\/","title":{"rendered":"Latina si presenta, il capitano \u00e8 Tavernelli"},"content":{"rendered":"<div id=\"fb-root\"><\/div>\n<div id=\"attachment_168141\" style=\"width: 645px\" class=\"wp-caption aligncenter\"><a href=\"http:\/\/www.radioluna.it\/news\/wp-content\/uploads\/2015\/09\/Riccardo-Tavernelli-ritagliato-640x360.jpg\"><img loading=\"lazy\" decoding=\"async\" aria-describedby=\"caption-attachment-168141\" class=\"size-thumbnail wp-image-168141\" src=\"http:\/\/www.radioluna.it\/news\/wp-content\/uploads\/2015\/09\/Riccardo-Tavernelli-ritagliato-640x360-635x357.jpg\" alt=\"Riccardo Tavernellii \u00e8 il nuovo Capitano della Latina Basket\" width=\"635\" height=\"357\" srcset=\"https:\/\/www.radioluna.it\/news\/wp-content\/uploads\/2015\/09\/Riccardo-Tavernelli-ritagliato-640x360-635x357.jpg 635w, https:\/\/www.radioluna.it\/news\/wp-content\/uploads\/2015\/09\/Riccardo-Tavernelli-ritagliato-640x360-500x281.jpg 500w, https:\/\/www.radioluna.it\/news\/wp-content\/uploads\/2015\/09\/Riccardo-Tavernelli-ritagliato-640x360-300x169.jpg 300w, https:\/\/www.radioluna.it\/news\/wp-content\/uploads\/2015\/09\/Riccardo-Tavernelli-ritagliato-640x360.jpg 640w\" sizes=\"auto, (max-width: 635px) 100vw, 635px\" \/><\/a><p id=\"caption-attachment-168141\" class=\"wp-caption-text\">Riccardo Tavernellii \u00e8 il nuovo Capitano della Latina Basket<\/p><\/div>\n<p style=\"text-align: justify;\"><strong>LATINA<\/strong> &#8211; La Benacquista Assicurazioni Latina Basket al\u00a0Circolo Cittadino di Latina si presenta e presenta le novit\u00e0 dell&#8217;imminente stagione cestistica dove giocher\u00e0 \u00a0nel Girone Ovest del campionato di basket maschile di Serie A2. In primo piano l&#8217;arrivo come coach di\u00a0Franco Gramenzi, \u00a0&#8220;l\u2019ho sempre chiamato il mio allenatore mancato,&#8221;, ha detto il presidente della societ\u00e0 cavalier Lucio Benacquista; poi la squadra e un pensiero speciale ai pi\u00f9 giovani (120 ragazzi iscritti che prenderanno parte a 10 campionati di categoria, oltre ai gruppi del minibasket).<\/p>\n<p style=\"text-align: justify;\">Tra le novit\u00e0 quella della Lega Nazionale Pallacanestro che mander\u00e0 in diretta streaming tutte le partite, grazie anche all\u2019accordo stipulato con Sky. Torna il Progetto Scuola con manifestazioni legate al sociale, alla beneficenza e ai bambini.<\/p>\n<p style=\"text-align: justify;\">\u00abSiamo qui per un campionato importante &#8211; ha detto coach Gramenzi &#8211; \u00a0Oggi abbiamo\u00a0l&#8217;impegno, io prima di tutto come responsabile dello staff, ma con me tutto il team, \u00a0di partecipare a questo campionato, di restare in questo campionato e di far si che questa famiglia che \u00e8 appassionata di basket resti in questo campionato per quanti pi\u00f9 anni possibile e che, magari, tra qualche anno, possa guardare avanti a un campionato di pi\u00f9 alto livello&#8221;<\/p>\n<p style=\"text-align: justify;\">Presentati tutti i protagonisti della prima squadra nerazzurra che avr\u00e0 come Capitano Riccardo Tavernelli.<\/p>\n","protected":false},"excerpt":{"rendered":"<p>LATINA &#8211; La Benacquista Assicurazioni Latina Basket al\u00a0Circolo Cittadino di Latina si presenta e presenta le novit\u00e0 dell&#8217;imminente stagione cestistica dove giocher\u00e0 \u00a0nel Girone Ovest del campionato di basket maschile di Serie A2. In primo piano l&#8217;arrivo come coach di\u00a0Franco Gramenzi, \u00a0&#8220;l\u2019ho sempre chiamato il mio allenatore mancato,&#8221;, ha detto il presidente della societ\u00e0 cavalier [&hellip;]<\/p>\n","protected":false},"author":62,"featured_media":168141,"comment_status":"open","ping_status":"closed","sticky":false,"template":"","format":"standard","meta":{"footnotes":""},"categories":[17],"tags":[],"class_list":["post-168946","post","type-post","status-publish","format-standard","has-post-thumbnail","hentry","category-sport"],"_links":{"self":[{"href":"https:\/\/www.radioluna.it\/news\/wp-json\/wp\/v2\/posts\/168946","targetHints":{"allow":["GET"]}}],"collection":[{"href":"https:\/\/www.radioluna.it\/news\/wp-json\/wp\/v2\/posts"}],"about":[{"href":"https:\/\/www.radioluna.it\/news\/wp-json\/wp\/v2\/types\/post"}],"author":[{"embeddable":true,"href":"https:\/\/www.radioluna.it\/news\/wp-json\/wp\/v2\/users\/62"}],"replies":[{"embeddable":true,"href":"https:\/\/www.radioluna.it\/news\/wp-json\/wp\/v2\/comments?post=168946"}],"version-history":[{"count":0,"href":"https:\/\/www.radioluna.it\/news\/wp-json\/wp\/v2\/posts\/168946\/revisions"}],"wp:featuredmedia":[{"embeddable":true,"href":"https:\/\/www.radioluna.it\/news\/wp-json\/wp\/v2\/media\/168141"}],"wp:attachment":[{"href":"https:\/\/www.radioluna.it\/news\/wp-json\/wp\/v2\/media?parent=168946"}],"wp:term":[{"taxonomy":"category","embeddable":true,"href":"https:\/\/www.radioluna.it\/news\/wp-json\/wp\/v2\/categories?post=168946"},{"taxonomy":"post_tag","embeddable":true,"href":"https:\/\/www.radioluna.it\/news\/wp-json\/wp\/v2\/tags?post=168946"}],"curies":[{"name":"wp","href":"https:\/\/api.w.org\/{rel}","templated":true}]}}