{"id":168947,"date":"2015-09-24T10:57:01","date_gmt":"2015-09-24T08:57:01","guid":{"rendered":"http:\/\/www.radioluna.it\/news\/?p=168947"},"modified":"2015-09-25T11:15:47","modified_gmt":"2015-09-25T09:15:47","slug":"al-via-giallo-latino-mediterraneo-eutanasia-sbirri-e-la-banda-della-migliara","status":"publish","type":"post","link":"https:\/\/www.radioluna.it\/news\/2015\/09\/al-via-giallo-latino-mediterraneo-eutanasia-sbirri-e-la-banda-della-migliara\/","title":{"rendered":"Al via Giallo Latino: Mediterraneo, eutanasia, sbirri e la Banda della Migliara"},"content":{"rendered":"<div id=\"fb-root\"><\/div>\n<div id=\"attachment_168951\" style=\"width: 310px\" class=\"wp-caption alignleft\"><a href=\"http:\/\/www.radioluna.it\/news\/wp-content\/uploads\/2015\/09\/migliara-banda.jpg\"><img loading=\"lazy\" decoding=\"async\" aria-describedby=\"caption-attachment-168951\" class=\"wp-image-168951 size-medium\" src=\"http:\/\/www.radioluna.it\/news\/wp-content\/uploads\/2015\/09\/migliara-banda-300x204.jpg\" alt=\"La Banda della Migliara\" width=\"300\" height=\"204\" srcset=\"https:\/\/www.radioluna.it\/news\/wp-content\/uploads\/2015\/09\/migliara-banda-300x204.jpg 300w, https:\/\/www.radioluna.it\/news\/wp-content\/uploads\/2015\/09\/migliara-banda-768x522.jpg 768w, https:\/\/www.radioluna.it\/news\/wp-content\/uploads\/2015\/09\/migliara-banda-500x340.jpg 500w, https:\/\/www.radioluna.it\/news\/wp-content\/uploads\/2015\/09\/migliara-banda-635x432.jpg 635w, https:\/\/www.radioluna.it\/news\/wp-content\/uploads\/2015\/09\/migliara-banda-800x544.jpg 800w, https:\/\/www.radioluna.it\/news\/wp-content\/uploads\/2015\/09\/migliara-banda.jpg 960w\" sizes=\"auto, (max-width: 300px) 100vw, 300px\" \/><\/a><p id=\"caption-attachment-168951\" class=\"wp-caption-text\">La Banda della Migliara<\/p><\/div>\n<div id=\"attachment_168996\" style=\"width: 310px\" class=\"wp-caption alignleft\"><a href=\"http:\/\/www.radioluna.it\/news\/wp-content\/uploads\/2015\/09\/Elisabetta_maglia-blu_K2_low.jpg\"><img loading=\"lazy\" decoding=\"async\" aria-describedby=\"caption-attachment-168996\" class=\"wp-image-168996 size-medium\" src=\"http:\/\/www.radioluna.it\/news\/wp-content\/uploads\/2015\/09\/Elisabetta_maglia-blu_K2_low-300x300.jpg\" alt=\"La scrittrice Elisabetta Gametti\" width=\"300\" height=\"300\" srcset=\"https:\/\/www.radioluna.it\/news\/wp-content\/uploads\/2015\/09\/Elisabetta_maglia-blu_K2_low-300x300.jpg 300w, https:\/\/www.radioluna.it\/news\/wp-content\/uploads\/2015\/09\/Elisabetta_maglia-blu_K2_low-150x150.jpg 150w, https:\/\/www.radioluna.it\/news\/wp-content\/uploads\/2015\/09\/Elisabetta_maglia-blu_K2_low.jpg 768w, https:\/\/www.radioluna.it\/news\/wp-content\/uploads\/2015\/09\/Elisabetta_maglia-blu_K2_low-500x500.jpg 500w, https:\/\/www.radioluna.it\/news\/wp-content\/uploads\/2015\/09\/Elisabetta_maglia-blu_K2_low-80x80.jpg 80w, https:\/\/www.radioluna.it\/news\/wp-content\/uploads\/2015\/09\/Elisabetta_maglia-blu_K2_low-635x635.jpg 635w, https:\/\/www.radioluna.it\/news\/wp-content\/uploads\/2015\/09\/Elisabetta_maglia-blu_K2_low-50x50.jpg 50w\" sizes=\"auto, (max-width: 300px) 100vw, 300px\" \/><\/a><p id=\"caption-attachment-168996\" class=\"wp-caption-text\">La scrittrice Elisabetta Gametti<\/p><\/div>\n<p style=\"text-align: justify;\"><strong>LATINA<\/strong> &#8211; Decolla la nona edizione di Giallo Latino. Il tema del Mediterraneo fa da filo conduttore della rassegna che sar\u00e0 inaugurata il 25 settembre con una spremuta di letteratura gialla e noir.\u00a0&#8220;Il Mediterraneo di Stefania Nardini, gli sbirri di regime di De Turris, i suicidi assistiti di Felli e l\u2019Appia della Banda della Migliara, si parte&#8221;, dice l&#8217;inventore della rassegna Gianluca Campagna che\u00a0fino a domenica 27 condurr\u00e0 gli eventi tra\u00a0Latina, il Lido, Norma e Maenza tra incontri, reading, cene letterarie, presentazioni di libri e momenti conviviali.<\/p>\n<p style=\"text-align: justify;\">L&#8217;INAUGURAZIONE &#8211; Venerd\u00ec pomeriggio l\u2019apertura \u00e8 al chiostro Sto\u00e0 in via Cesare Battisti, 21 a Latina, mentre sabato e domenica l\u2019evento si svolger\u00e0 a Latina lido.<\/p>\n<p style=\"text-align: justify;\"><strong>IL PROGRAMMA DEL 25<\/strong> &#8211; &#8220;<strong>Alle 17.30<\/strong> \u00e8 la spia (bionda) che venne dal freddo (Trieste) Patrizia Calamia a partire e a dare il la all\u2019evento col romanzo spy \u2018La killer senza nome\u2019 &#8211; dice ancora Campagna che spiega: Mila Ludvik \u00e8 un&#8217;assassina di professione, una vita spesa dall\u2019altra parte del senso comune, in cui molti sono i nemici. Ed \u00e8 per scoprire chi di essi l\u2019ha colpita nel suo pi\u00f9 prezioso segreto che Mila decide\u00a0di raccontare la sua storia in un lungo memoriale che verr\u00e0 recapitato ai servizi segreti inglesi, dopo che l\u2019organizzazione criminale per cui lavorava mette in pericolo chi ha di pi\u00f9 prezioso: la figlia.<\/p>\n<p style=\"text-align: justify;\"><strong>Alle 18<\/strong> \u00e8 l\u2019anteprima della serie web \u2018<strong>La Banda della Migliara<\/strong>\u2019 che al grido de \u2018pijamose l\u2019Appia\u2019 spiegher\u00e0 come \u00e8 nata questa iniziativa che sulla rete \u00e8 gi\u00e0 virale: \u00a0\u00abNon vorrei svelare troppo di quel che sar\u00e0 La Banda della Migliara, in merito a cosa abbiamo pensato di realizzare, con Paolo Toselli, quando l\u2019abbiamo scritta. Ho deciso di specificare, invece, cosa La Banda della Migliara non sar\u00e0 \u00bb, dice Graziano Lanzidei che con Cult, Il Circolo fil\u00f2 e Io sono Latina ha dato vita al progetto<\/p>\n<p style=\"text-align: justify;\">A<strong>lle 18.30<\/strong> il romanziere di Latina Pierluigi Felli presenter\u00e0 il suo giallo su \u2018Il mistero della casa chiusa nella villa dei suicidi assistiti\u2019. \u00a0Quattro scrittori decidono di accomiatarsi dal mondo con una morte spettacolare in una clinica svizzera, Villa Ethica, per l\u2019eutanasia assistita, fino a quando tre di loro, nell\u2019ermetica stanza che li ospita, s\u2019addormentano per sempre mentre il quarto, accusato di omicidio plurimo, svanisce nel nulla.<\/p>\n<p style=\"text-align: justify;\"><strong>Alle 19<\/strong> \u00e8 la volta di \u2018Sbirritudine\u2019 di Giorgio Glaviano, scrittore e sceneggiatore, che offrir\u00e0 uno spaccato del nostro paese. Poliziotto in Sicilia, infiltrato dentro Cosa Nostra \u00e8 il protagonista del romanzo, per lui lottare contro la mafia non \u00e8 una scelta, \u00e8 la vita. Ad ogni costo.<\/p>\n<p style=\"text-align: justify;\"><strong>Alle 19.30<\/strong> Gianfranco De Turris presenter\u00e0 l\u2019antologia \u2018Sbirri di regime\u2019, che vede protagonisti poliziotti in camicia nera durante il Ventennio tra spie e trame ordite per rovesciare Mussolini.<\/p>\n<p style=\"text-align: justify;\"><strong>Alle 21<\/strong> l\u2019appuntamento con la conviviale organizzata dal Rotaract di Latina che presenter\u00e0 Stefania Nardini, giornalista e scrittrice, che parler\u00e0 della biografia \u2018Jean Claude Izzo. Storia di un marsigliese\u2019 e del suo romanzo \u2018Alcazar \u2013 ultimo spettacolo\u2019.<\/p>\n","protected":false},"excerpt":{"rendered":"<p>LATINA &#8211; Decolla la nona edizione di Giallo Latino. Il tema del Mediterraneo fa da filo conduttore della rassegna che sar\u00e0 inaugurata il 25 settembre con una spremuta di letteratura gialla e noir.\u00a0&#8220;Il Mediterraneo di Stefania Nardini, gli sbirri di regime di De Turris, i suicidi assistiti di Felli e l\u2019Appia della Banda della Migliara, [&hellip;]<\/p>\n","protected":false},"author":62,"featured_media":168994,"comment_status":"open","ping_status":"closed","sticky":false,"template":"","format":"standard","meta":{"footnotes":""},"categories":[16,15],"tags":[],"class_list":["post-168947","post","type-post","status-publish","format-standard","has-post-thumbnail","hentry","category-appuntamenti","category-cultura"],"_links":{"self":[{"href":"https:\/\/www.radioluna.it\/news\/wp-json\/wp\/v2\/posts\/168947","targetHints":{"allow":["GET"]}}],"collection":[{"href":"https:\/\/www.radioluna.it\/news\/wp-json\/wp\/v2\/posts"}],"about":[{"href":"https:\/\/www.radioluna.it\/news\/wp-json\/wp\/v2\/types\/post"}],"author":[{"embeddable":true,"href":"https:\/\/www.radioluna.it\/news\/wp-json\/wp\/v2\/users\/62"}],"replies":[{"embeddable":true,"href":"https:\/\/www.radioluna.it\/news\/wp-json\/wp\/v2\/comments?post=168947"}],"version-history":[{"count":0,"href":"https:\/\/www.radioluna.it\/news\/wp-json\/wp\/v2\/posts\/168947\/revisions"}],"wp:featuredmedia":[{"embeddable":true,"href":"https:\/\/www.radioluna.it\/news\/wp-json\/wp\/v2\/media\/168994"}],"wp:attachment":[{"href":"https:\/\/www.radioluna.it\/news\/wp-json\/wp\/v2\/media?parent=168947"}],"wp:term":[{"taxonomy":"category","embeddable":true,"href":"https:\/\/www.radioluna.it\/news\/wp-json\/wp\/v2\/categories?post=168947"},{"taxonomy":"post_tag","embeddable":true,"href":"https:\/\/www.radioluna.it\/news\/wp-json\/wp\/v2\/tags?post=168947"}],"curies":[{"name":"wp","href":"https:\/\/api.w.org\/{rel}","templated":true}]}}