{"id":168952,"date":"2015-09-24T11:26:07","date_gmt":"2015-09-24T09:26:07","guid":{"rendered":"http:\/\/www.radioluna.it\/news\/?p=168952"},"modified":"2015-09-24T11:26:07","modified_gmt":"2015-09-24T09:26:07","slug":"a-cori-la-sfida-tra-oliva-itrana-e-siciliana","status":"publish","type":"post","link":"https:\/\/www.radioluna.it\/news\/2015\/09\/a-cori-la-sfida-tra-oliva-itrana-e-siciliana\/","title":{"rendered":"A Cori la sfida tra oliva itrana e siciliana"},"content":{"rendered":"<div id=\"fb-root\"><\/div>\n<p style=\"text-align: justify;\"><strong><a href=\"http:\/\/www.radioluna.it\/news\/wp-content\/uploads\/2015\/09\/casale-stoza.jpg\"><img loading=\"lazy\" decoding=\"async\" class=\"aligncenter size-full wp-image-168953\" src=\"http:\/\/www.radioluna.it\/news\/wp-content\/uploads\/2015\/09\/casale-stoza.jpg\" alt=\"casale stoza\" width=\"400\" height=\"396\" srcset=\"https:\/\/www.radioluna.it\/news\/wp-content\/uploads\/2015\/09\/casale-stoza.jpg 400w, https:\/\/www.radioluna.it\/news\/wp-content\/uploads\/2015\/09\/casale-stoza-150x150.jpg 150w, https:\/\/www.radioluna.it\/news\/wp-content\/uploads\/2015\/09\/casale-stoza-80x80.jpg 80w, https:\/\/www.radioluna.it\/news\/wp-content\/uploads\/2015\/09\/casale-stoza-300x297.jpg 300w, https:\/\/www.radioluna.it\/news\/wp-content\/uploads\/2015\/09\/casale-stoza-50x50.jpg 50w\" sizes=\"auto, (max-width: 400px) 100vw, 400px\" \/><\/a>CORI\u00a0<\/strong>&#8211; &#8220;Alle porte dell&#8217;imminente nuova campagna olearia, parte la disfida tra le l&#8217;oliva Itrana (Lazio) contro la Tonda Iblea (Sicilia) in una cena a tema che metter\u00e0 a confronto l&#8217;olfatto deciso dell&#8217;oliva del Lazio rispetto al profumo di grande freschezza della produzione siciliana&#8221;. Lo annuncia il Capol (Centro Assaggiatori produzioni Olivicole di Latina) che, con la partecipazione dell&#8217;Aspol (Associazione Provinciale Produttori Olivicoli di Latina) promuove la gara venerd\u00ec 25 nell&#8217;ottocentesco Casale Stoza &#8211; Agriturismo Cincinnato.<\/p>\n<p style=\"text-align: justify;\">Lo spunto, un seminario tecnico &#8216;Tecnologie di lavorazione delle olive in frantoio. Rese di estrazione e qualit\u00e0 dell&#8217;olio&#8217;, un convegno sulle buone prassi per la produzione di olio extravergine di oliva di qualit\u00e0. &#8220;Numerosi studi e ricerche confermano che il momento della trasformazione pu\u00f2 incidere per circa il 60% sulla qualit\u00e0 del prodotto &#8211; dicono gli esperti \u00a0&#8211; \u00a0La qualit\u00e0 dell&#8217;olio extra vergine d&#8217;oliva la fa non solo l&#8217;oliva, ma anche il frantoio. &#8220;L&#8217;iniziativa &#8211; \u00a0conclude il presidente del Capol Luigi Centauri &#8211; punta a educare il palato per riconoscere un olio di qualit\u00e0 a alla portata di tutti\u00bb.<\/p>\n","protected":false},"excerpt":{"rendered":"<p>CORI\u00a0&#8211; &#8220;Alle porte dell&#8217;imminente nuova campagna olearia, parte la disfida tra le l&#8217;oliva Itrana (Lazio) contro la Tonda Iblea (Sicilia) in una cena a tema che metter\u00e0 a confronto l&#8217;olfatto deciso dell&#8217;oliva del Lazio rispetto al profumo di grande freschezza della produzione siciliana&#8221;. Lo annuncia il Capol (Centro Assaggiatori produzioni Olivicole di Latina) che, con [&hellip;]<\/p>\n","protected":false},"author":62,"featured_media":168953,"comment_status":"open","ping_status":"closed","sticky":false,"template":"","format":"standard","meta":{"footnotes":""},"categories":[16],"tags":[],"class_list":["post-168952","post","type-post","status-publish","format-standard","has-post-thumbnail","hentry","category-appuntamenti"],"_links":{"self":[{"href":"https:\/\/www.radioluna.it\/news\/wp-json\/wp\/v2\/posts\/168952","targetHints":{"allow":["GET"]}}],"collection":[{"href":"https:\/\/www.radioluna.it\/news\/wp-json\/wp\/v2\/posts"}],"about":[{"href":"https:\/\/www.radioluna.it\/news\/wp-json\/wp\/v2\/types\/post"}],"author":[{"embeddable":true,"href":"https:\/\/www.radioluna.it\/news\/wp-json\/wp\/v2\/users\/62"}],"replies":[{"embeddable":true,"href":"https:\/\/www.radioluna.it\/news\/wp-json\/wp\/v2\/comments?post=168952"}],"version-history":[{"count":0,"href":"https:\/\/www.radioluna.it\/news\/wp-json\/wp\/v2\/posts\/168952\/revisions"}],"wp:featuredmedia":[{"embeddable":true,"href":"https:\/\/www.radioluna.it\/news\/wp-json\/wp\/v2\/media\/168953"}],"wp:attachment":[{"href":"https:\/\/www.radioluna.it\/news\/wp-json\/wp\/v2\/media?parent=168952"}],"wp:term":[{"taxonomy":"category","embeddable":true,"href":"https:\/\/www.radioluna.it\/news\/wp-json\/wp\/v2\/categories?post=168952"},{"taxonomy":"post_tag","embeddable":true,"href":"https:\/\/www.radioluna.it\/news\/wp-json\/wp\/v2\/tags?post=168952"}],"curies":[{"name":"wp","href":"https:\/\/api.w.org\/{rel}","templated":true}]}}