{"id":168968,"date":"2015-09-24T18:18:46","date_gmt":"2015-09-24T16:18:46","guid":{"rendered":"http:\/\/www.radioluna.it\/news\/?p=168968"},"modified":"2015-09-25T07:51:44","modified_gmt":"2015-09-25T05:51:44","slug":"cisterna-bimbo-di-6-mesi-cade-dal-balcone-e-grave","status":"publish","type":"post","link":"https:\/\/www.radioluna.it\/news\/2015\/09\/cisterna-bimbo-di-6-mesi-cade-dal-balcone-e-grave\/","title":{"rendered":"Cisterna. Bimbo di otto mesi cade dal balcone, \u00e8 grave"},"content":{"rendered":"<div id=\"fb-root\"><\/div>\n<div id=\"attachment_168977\" style=\"width: 645px\" class=\"wp-caption aligncenter\"><a href=\"http:\/\/www.radioluna.it\/news\/wp-content\/uploads\/2015\/09\/118-g.jpg\"><img loading=\"lazy\" decoding=\"async\" aria-describedby=\"caption-attachment-168977\" class=\"size-thumbnail wp-image-168977\" src=\"http:\/\/www.radioluna.it\/news\/wp-content\/uploads\/2015\/09\/118-g-635x422.jpg\" alt=\"Eliambulanza al Goretti\" width=\"635\" height=\"422\" srcset=\"https:\/\/www.radioluna.it\/news\/wp-content\/uploads\/2015\/09\/118-g-635x422.jpg 635w, https:\/\/www.radioluna.it\/news\/wp-content\/uploads\/2015\/09\/118-g-768x511.jpg 768w, https:\/\/www.radioluna.it\/news\/wp-content\/uploads\/2015\/09\/118-g-500x333.jpg 500w, https:\/\/www.radioluna.it\/news\/wp-content\/uploads\/2015\/09\/118-g-600x400.jpg 600w, https:\/\/www.radioluna.it\/news\/wp-content\/uploads\/2015\/09\/118-g-300x200.jpg 300w, https:\/\/www.radioluna.it\/news\/wp-content\/uploads\/2015\/09\/118-g.jpg 800w\" sizes=\"auto, (max-width: 635px) 100vw, 635px\" \/><\/a><p id=\"caption-attachment-168977\" class=\"wp-caption-text\">Eliambulanza al Goretti<\/p><\/div>\n<p style=\"text-align: justify;\"><strong>CISTERNA<\/strong>&#8211; Un bambino di otto mesi \u00e8 caduto da un balcone, l&#8217;incidente \u00e8 avvenuto gioved\u00ec in via Rosolino Pilo a Cisterna. Il piccolo \u00e8 stato trasportato d&#8217;urgenza all&#8217;ospedale Santa Maria Goretti di Latina, in condizioni molto gravi e da qui trasferito al Bambino Ges\u00f9 di Roma. Attualmente \u00e8 in prognosi riservata. Sulle circostanze ancora da chiarire stanno indagando gli agenti del Commissariato di polizia di Cisterna. Da una prima ricostruzione sembra che il piccolo gattonando sia arrivato al balcone e si sia infilato tra la soglia in marmo e la sbarra del parapetto, in uno spazio piccolo ma sufficiente per le sue dimensioni. Caduto dal primo piano \u00e8 atterrato sull&#8217;erba alta, nel cortile interno dello stabile, \u00a0una circostanza questa che ha attutito il colpo. La mamma che era solo in casa ha altri cinque figli.<\/p>\n<div class=\"radio-posizionamento-telefono-in-articoli-dopo-il-contenuto-articolo radio-entity-placement\" id=\"radio-26060978\"><div id=\"radio-2764299237\"><a href=\"https:\/\/grupporedi.it\/\" aria-label=\"Redi-Qr\"><img loading=\"lazy\" decoding=\"async\" src=\"https:\/\/www.radioluna.it\/news\/wp-content\/uploads\/2026\/03\/Redi-Qr.jpg\" alt=\"\"  srcset=\"https:\/\/www.radioluna.it\/news\/wp-content\/uploads\/2026\/03\/Redi-Qr.jpg 800w, https:\/\/www.radioluna.it\/news\/wp-content\/uploads\/2026\/03\/Redi-Qr-768x639.jpg 768w\" sizes=\"(max-width: 800px) 100vw, 800px\" width=\"300\" height=\"250\"   \/><\/a><\/div><\/div>","protected":false},"excerpt":{"rendered":"<p>CISTERNA&#8211; Un bambino di otto mesi \u00e8 caduto da un balcone, l&#8217;incidente \u00e8 avvenuto gioved\u00ec in via Rosolino Pilo a Cisterna. Il piccolo \u00e8 stato trasportato d&#8217;urgenza all&#8217;ospedale Santa Maria Goretti di Latina, in condizioni molto gravi e da qui trasferito al Bambino Ges\u00f9 di Roma. Attualmente \u00e8 in prognosi riservata. Sulle circostanze ancora da [&hellip;]<\/p>\n","protected":false},"author":60,"featured_media":168977,"comment_status":"open","ping_status":"closed","sticky":false,"template":"","format":"standard","meta":{"footnotes":""},"categories":[7],"tags":[],"class_list":["post-168968","post","type-post","status-publish","format-standard","has-post-thumbnail","hentry","category-cronaca"],"_links":{"self":[{"href":"https:\/\/www.radioluna.it\/news\/wp-json\/wp\/v2\/posts\/168968","targetHints":{"allow":["GET"]}}],"collection":[{"href":"https:\/\/www.radioluna.it\/news\/wp-json\/wp\/v2\/posts"}],"about":[{"href":"https:\/\/www.radioluna.it\/news\/wp-json\/wp\/v2\/types\/post"}],"author":[{"embeddable":true,"href":"https:\/\/www.radioluna.it\/news\/wp-json\/wp\/v2\/users\/60"}],"replies":[{"embeddable":true,"href":"https:\/\/www.radioluna.it\/news\/wp-json\/wp\/v2\/comments?post=168968"}],"version-history":[{"count":0,"href":"https:\/\/www.radioluna.it\/news\/wp-json\/wp\/v2\/posts\/168968\/revisions"}],"wp:featuredmedia":[{"embeddable":true,"href":"https:\/\/www.radioluna.it\/news\/wp-json\/wp\/v2\/media\/168977"}],"wp:attachment":[{"href":"https:\/\/www.radioluna.it\/news\/wp-json\/wp\/v2\/media?parent=168968"}],"wp:term":[{"taxonomy":"category","embeddable":true,"href":"https:\/\/www.radioluna.it\/news\/wp-json\/wp\/v2\/categories?post=168968"},{"taxonomy":"post_tag","embeddable":true,"href":"https:\/\/www.radioluna.it\/news\/wp-json\/wp\/v2\/tags?post=168968"}],"curies":[{"name":"wp","href":"https:\/\/api.w.org\/{rel}","templated":true}]}}