{"id":168969,"date":"2015-09-24T19:09:21","date_gmt":"2015-09-24T17:09:21","guid":{"rendered":"http:\/\/www.radioluna.it\/news\/?p=168969"},"modified":"2015-09-24T19:09:21","modified_gmt":"2015-09-24T17:09:21","slug":"call-for-proposal-progetti-per-la-reindustrializzazione-del-territorio","status":"publish","type":"post","link":"https:\/\/www.radioluna.it\/news\/2015\/09\/call-for-proposal-progetti-per-la-reindustrializzazione-del-territorio\/","title":{"rendered":"Call for Proposal: progetti per la reindustrializzazione del territorio"},"content":{"rendered":"<div id=\"fb-root\"><\/div>\n<p style=\"text-align: justify;\"><strong><a href=\"http:\/\/www.radioluna.it\/news\/wp-content\/uploads\/2011\/07\/Regione-Lazio.jpg\"><img loading=\"lazy\" decoding=\"async\" class=\" size-thumbnail wp-image-107161 alignleft\" src=\"http:\/\/www.radioluna.it\/news\/wp-content\/uploads\/2011\/07\/Regione-Lazio-150x150.jpg\" alt=\"Regione-Lazio\" width=\"150\" height=\"150\" srcset=\"https:\/\/www.radioluna.it\/news\/wp-content\/uploads\/2011\/07\/Regione-Lazio-150x150.jpg 150w, https:\/\/www.radioluna.it\/news\/wp-content\/uploads\/2011\/07\/Regione-Lazio-300x300.jpg 300w, https:\/\/www.radioluna.it\/news\/wp-content\/uploads\/2011\/07\/Regione-Lazio-80x80.jpg 80w, https:\/\/www.radioluna.it\/news\/wp-content\/uploads\/2011\/07\/Regione-Lazio-50x50.jpg 50w\" sizes=\"auto, (max-width: 150px) 100vw, 150px\" \/><\/a>LATINA<\/strong> \u00a0&#8211; Stimolare e raccogliere le proposte che scaturiscono dai territori, per far emergere progetti di riposizionamento solidi e credibili, sulla base dei quali attivare i nuovi bandi Por Fesr 2014-2020. E&#8217; questo uno degli obiettivi di Call for Proposal,\u00a0presentato oggi presso il Consorzio per lo Sviluppo Industriale Roma-Latina.<\/p>\n<p style=\"text-align: justify;\">Si tratta di una opportunit\u00e0 offerta a soggetti istituzionali e imprenditoriali del Lazio per proporre progetti di rinnovamento e rilancio produttivo. La Call \u00e8 il primo intervento organico con cui la Regione avvia il proprio programma per la reindustrializzazione del territorio. \u00a0I progetti dovranno essere orientati alla trasformazione dei sistemi imprenditoriali attraverso l\u2019innovazione tecnologica e organizzativa, l\u2019internazionalizzazione, l\u2019attrattivit\u00e0 dei mercati, la sostenibilit\u00e0 ambientale, l\u2019efficienza energetica e le reti d\u2019impresa<\/p>\n<p style=\"text-align: justify;\">Potranno presentare una proposta progettuale di riposizionamento competitivo, in forma associata, Pmi, grandi imprese, Universit\u00e0, istituti di ricerca, organismi pubblici e privati e tutti i soggetti portatori di interesse, che siano in grado di esprimere azioni di sviluppo competitivo in un\u2019ottica di lungo periodo.<\/p>\n<p style=\"text-align: justify;\">Le proposte verranno selezionate da parte di un Comitato di scientifico attraverso una valutazione basata sulla rispondenza ai criteri e agli obiettivi della strategia regionale per il riposizionamento competitivo. Al termine del percorso di valutazione saranno pubblicati i bandi per il riposizionamento dei sistemi territoriali e\/o delle filiere produttive, elaborati sulla base delle proposte progettuali pervenute. Ai bandi potranno concorrere ovviamente tutte le Pmi del Lazio, anche quelle che non abbiano partecipato alla Call. L\u2019importo complessivo dei bandi sar\u00e0 di 70 milioni di euro, dei quali 40 saranno destinati ad azioni di riposizionamento competitivo e 30 a: azioni di sostegno alle attivit\u00e0 collaborative di R&amp;S per lo sviluppo di nuove tecnologie sostenibili, nuovi prodotti e servizi; aiuti agli investimenti per la riduzione degli impatti ambientali dei sistemi produttivi (Apea &#8211; Aree Produttive Ecologicamente Attrezzate \u2013 Ecoinnovazione); strumenti per l\u2019internazionalizzazione del sistema produttivo; incentivi finalizzati alla riduzione dei consumi energetici e delle emissioni delle imprese e delle aree produttive.<\/p>\n<p style=\"text-align: justify;\">Alla Call si potr\u00e0 partecipare esclusivamente presentando le proposte per via telematica attraverso la piattaforma on line che sar\u00e0 attiva fino al 31 ottobre sul sito www.lazioeuropa.it (il link completo \u00e8: http:\/\/www.lazioeuropa.it\/bandi\/call_for_proposal_sostegno_al_riposizionamento_competitivo_dei_sistemi_imprenditoriali_territoriali-351\/)<\/p>\n<p style=\"text-align: justify;\">A illustrare il provvedimento sono stati Carlo Scarchilli, presidente del Consorzio per lo Sviluppo Industriale Roma Latina, Eleonora Della Penna, presidente della Provincia di Latina, Vincenzo Zottola, presidente della Camera di Commercio di Latina, Paolo Orneli, dell\u2019assessorato allo Sviluppo Economico e Attivit\u00e0 Produttive della Regione Lazio, Bernardino Quattrociocchi, presidente del corso di laurea in economia \u2013 Sapienza Universit\u00e0 di Roma, sede di Latina, Fabio Miraglia, presidente di Unindustria Latina, Antonella Zonetti, presidente di Federlazio Latina e Stefano Fantacone, presidente di Lazio Innova. Presenti anche i consiglieri regionali Rosa Giancola ed Enrico Forte.<\/p>\n<p>&nbsp;<\/p>\n<div class=\"radio-posizionamento-telefono-in-articoli-dopo-il-contenuto-articolo radio-entity-placement\" id=\"radio-2148638776\"><div id=\"radio-3933472866\" style=\"width: 300px;height: 250px;\"><a href=\"https:\/\/www.icarspa.it\/auto\/usate\/latina\/\" aria-label=\"banner aprile icar new life &#8211; auto usate latina\"><img loading=\"lazy\" decoding=\"async\" src=\"https:\/\/www.radioluna.it\/news\/wp-content\/uploads\/2026\/02\/banner-aprile-icar-new-life-auto-usate-latina.gif\" alt=\"\"  width=\"300\" height=\"250\"   \/><\/a><\/div><\/div>","protected":false},"excerpt":{"rendered":"<p>LATINA \u00a0&#8211; Stimolare e raccogliere le proposte che scaturiscono dai territori, per far emergere progetti di riposizionamento solidi e credibili, sulla base dei quali attivare i nuovi bandi Por Fesr 2014-2020. E&#8217; questo uno degli obiettivi di Call for Proposal,\u00a0presentato oggi presso il Consorzio per lo Sviluppo Industriale Roma-Latina. Si tratta di una opportunit\u00e0 offerta [&hellip;]<\/p>\n","protected":false},"author":60,"featured_media":107161,"comment_status":"open","ping_status":"closed","sticky":false,"template":"","format":"standard","meta":{"footnotes":""},"categories":[11],"tags":[],"class_list":["post-168969","post","type-post","status-publish","format-standard","has-post-thumbnail","hentry","category-economia"],"_links":{"self":[{"href":"https:\/\/www.radioluna.it\/news\/wp-json\/wp\/v2\/posts\/168969","targetHints":{"allow":["GET"]}}],"collection":[{"href":"https:\/\/www.radioluna.it\/news\/wp-json\/wp\/v2\/posts"}],"about":[{"href":"https:\/\/www.radioluna.it\/news\/wp-json\/wp\/v2\/types\/post"}],"author":[{"embeddable":true,"href":"https:\/\/www.radioluna.it\/news\/wp-json\/wp\/v2\/users\/60"}],"replies":[{"embeddable":true,"href":"https:\/\/www.radioluna.it\/news\/wp-json\/wp\/v2\/comments?post=168969"}],"version-history":[{"count":0,"href":"https:\/\/www.radioluna.it\/news\/wp-json\/wp\/v2\/posts\/168969\/revisions"}],"wp:featuredmedia":[{"embeddable":true,"href":"https:\/\/www.radioluna.it\/news\/wp-json\/wp\/v2\/media\/107161"}],"wp:attachment":[{"href":"https:\/\/www.radioluna.it\/news\/wp-json\/wp\/v2\/media?parent=168969"}],"wp:term":[{"taxonomy":"category","embeddable":true,"href":"https:\/\/www.radioluna.it\/news\/wp-json\/wp\/v2\/categories?post=168969"},{"taxonomy":"post_tag","embeddable":true,"href":"https:\/\/www.radioluna.it\/news\/wp-json\/wp\/v2\/tags?post=168969"}],"curies":[{"name":"wp","href":"https:\/\/api.w.org\/{rel}","templated":true}]}}