{"id":168993,"date":"2015-09-25T11:03:18","date_gmt":"2015-09-25T09:03:18","guid":{"rendered":"http:\/\/www.radioluna.it\/news\/?p=168993"},"modified":"2015-09-25T11:42:41","modified_gmt":"2015-09-25T09:42:41","slug":"la-banda-della-migliara-presenta-la-web-serie-a-giallo-latino","status":"publish","type":"post","link":"https:\/\/www.radioluna.it\/news\/2015\/09\/la-banda-della-migliara-presenta-la-web-serie-a-giallo-latino\/","title":{"rendered":"La Banda della Migliara presenta la web serie a Giallo Latino"},"content":{"rendered":"<div id=\"fb-root\"><\/div>\n<p><iframe loading=\"lazy\" src=\"https:\/\/www.youtube.com\/embed\/fFk6uUFAqyQ\" width=\"635\" height=\"420\" frameborder=\"0\" allowfullscreen=\"allowfullscreen\"><\/iframe><\/p>\n<p style=\"text-align: justify;\"><strong>LATINA<\/strong> &#8211; Sar\u00e0 presentata oggi la web serie &#8220;La Banda della Migliara&#8221;, scritta a quatto mani da Graziano Lanzidei e Paolo Toselli. Tra i set utilizzati c&#8217;\u00e8 anche Radio Luna, dove \u00e8 stata girata la prima scena del trailer. Manca un mese alla messa in onda (prevista per novembre) e i protagonisti spiegano che \u00a0il titolo non deve trarre in inganno. L&#8217;obiettivo infatti non \u00e8 scimmiottare, ma\u00a0&#8220;smitizzare l\u2019estetica malavitosa di certe serie tv come Romanzo Criminale o Gomorra. Non sar\u00e0 una parodia &#8211; dichiara Lanzidei &#8211; e non far\u00e0 riferimento a politici, fatti di cronaca o personaggi pontini. Non sar\u00e0 nemmeno una serie web demenziale o che prender\u00e0 scorciatoie per far ridere il pubblico\u00bb. Questo \u00e8 quanto la serie non vuole essere, per sapere quello che sar\u00e0, invece bisogner\u00e0 aspettare novembre.<\/p>\n<p>L&#8217;anteprima oggi pomeriggio a Giallolatino (alle 17,30) al chiostro Sto\u00e0 di Via Cesare Battisti a Latina.<\/p>\n<div id=\"attachment_168951\" style=\"width: 645px\" class=\"wp-caption aligncenter\"><a href=\"http:\/\/www.radioluna.it\/news\/wp-content\/uploads\/2015\/09\/migliara-banda.jpg\"><img loading=\"lazy\" decoding=\"async\" aria-describedby=\"caption-attachment-168951\" class=\"size-thumbnail wp-image-168951\" src=\"http:\/\/www.radioluna.it\/news\/wp-content\/uploads\/2015\/09\/migliara-banda-635x432.jpg\" alt=\"La Banda della Migliara\" width=\"635\" height=\"432\" srcset=\"https:\/\/www.radioluna.it\/news\/wp-content\/uploads\/2015\/09\/migliara-banda-635x432.jpg 635w, https:\/\/www.radioluna.it\/news\/wp-content\/uploads\/2015\/09\/migliara-banda-768x522.jpg 768w, https:\/\/www.radioluna.it\/news\/wp-content\/uploads\/2015\/09\/migliara-banda-500x340.jpg 500w, https:\/\/www.radioluna.it\/news\/wp-content\/uploads\/2015\/09\/migliara-banda-300x204.jpg 300w, https:\/\/www.radioluna.it\/news\/wp-content\/uploads\/2015\/09\/migliara-banda-800x544.jpg 800w, https:\/\/www.radioluna.it\/news\/wp-content\/uploads\/2015\/09\/migliara-banda.jpg 960w\" sizes=\"auto, (max-width: 635px) 100vw, 635px\" \/><\/a><p id=\"caption-attachment-168951\" class=\"wp-caption-text\">La Banda della Migliara<\/p><\/div>\n<div class=\"radio-posizionamento-telefono-in-articoli-dopo-il-contenuto-articolo radio-entity-placement\" id=\"radio-1528779972\"><div id=\"radio-4187367995\"><a href=\"https:\/\/www.simeoneceramiche.com\/\" aria-label=\"SIMEONE CERAMICHE GIF animata per radioluna_Tavola disegno 1 copia 2 (online-video-cutter.com)\"><img loading=\"lazy\" decoding=\"async\" src=\"https:\/\/www.radioluna.it\/news\/wp-content\/uploads\/2025\/05\/SIMEONE-CERAMICHE-GIF-animata-per-radioluna_Tavola-disegno-1-copia-2-online-video-cutter.com_.gif\" alt=\"\"  width=\"300\" height=\"250\"   \/><\/a><\/div><\/div>","protected":false},"excerpt":{"rendered":"<p>LATINA &#8211; Sar\u00e0 presentata oggi la web serie &#8220;La Banda della Migliara&#8221;, scritta a quatto mani da Graziano Lanzidei e Paolo Toselli. Tra i set utilizzati c&#8217;\u00e8 anche Radio Luna, dove \u00e8 stata girata la prima scena del trailer. Manca un mese alla messa in onda (prevista per novembre) e i protagonisti spiegano che \u00a0il [&hellip;]<\/p>\n","protected":false},"author":62,"featured_media":168951,"comment_status":"open","ping_status":"closed","sticky":false,"template":"","format":"standard","meta":{"footnotes":""},"categories":[15,2312],"tags":[],"class_list":["post-168993","post","type-post","status-publish","format-standard","has-post-thumbnail","hentry","category-cultura","category-video"],"_links":{"self":[{"href":"https:\/\/www.radioluna.it\/news\/wp-json\/wp\/v2\/posts\/168993","targetHints":{"allow":["GET"]}}],"collection":[{"href":"https:\/\/www.radioluna.it\/news\/wp-json\/wp\/v2\/posts"}],"about":[{"href":"https:\/\/www.radioluna.it\/news\/wp-json\/wp\/v2\/types\/post"}],"author":[{"embeddable":true,"href":"https:\/\/www.radioluna.it\/news\/wp-json\/wp\/v2\/users\/62"}],"replies":[{"embeddable":true,"href":"https:\/\/www.radioluna.it\/news\/wp-json\/wp\/v2\/comments?post=168993"}],"version-history":[{"count":0,"href":"https:\/\/www.radioluna.it\/news\/wp-json\/wp\/v2\/posts\/168993\/revisions"}],"wp:featuredmedia":[{"embeddable":true,"href":"https:\/\/www.radioluna.it\/news\/wp-json\/wp\/v2\/media\/168951"}],"wp:attachment":[{"href":"https:\/\/www.radioluna.it\/news\/wp-json\/wp\/v2\/media?parent=168993"}],"wp:term":[{"taxonomy":"category","embeddable":true,"href":"https:\/\/www.radioluna.it\/news\/wp-json\/wp\/v2\/categories?post=168993"},{"taxonomy":"post_tag","embeddable":true,"href":"https:\/\/www.radioluna.it\/news\/wp-json\/wp\/v2\/tags?post=168993"}],"curies":[{"name":"wp","href":"https:\/\/api.w.org\/{rel}","templated":true}]}}