{"id":169031,"date":"2015-09-26T10:44:46","date_gmt":"2015-09-26T08:44:46","guid":{"rendered":"http:\/\/www.radioluna.it\/news\/?p=169031"},"modified":"2015-09-26T10:44:46","modified_gmt":"2015-09-26T08:44:46","slug":"un-manifesto-per-galante-per-rompere-gli-schemi","status":"publish","type":"post","link":"https:\/\/www.radioluna.it\/news\/2015\/09\/un-manifesto-per-galante-per-rompere-gli-schemi\/","title":{"rendered":"Un manifesto per Galante, per &#8220;rompere gli schemi&#8221;"},"content":{"rendered":"<div id=\"fb-root\"><\/div>\n<div id=\"attachment_168106\" style=\"width: 310px\" class=\"wp-caption alignleft\"><a href=\"http:\/\/www.radioluna.it\/news\/wp-content\/uploads\/2015\/09\/paolo-galante-federalberghi.jpg\"><img loading=\"lazy\" decoding=\"async\" aria-describedby=\"caption-attachment-168106\" class=\"wp-image-168106 size-medium\" src=\"http:\/\/www.radioluna.it\/news\/wp-content\/uploads\/2015\/09\/paolo-galante-federalberghi-300x283.jpg\" alt=\"Paolo Galante\" width=\"300\" height=\"283\" srcset=\"https:\/\/www.radioluna.it\/news\/wp-content\/uploads\/2015\/09\/paolo-galante-federalberghi-300x283.jpg 300w, https:\/\/www.radioluna.it\/news\/wp-content\/uploads\/2015\/09\/paolo-galante-federalberghi-768x725.jpg 768w, https:\/\/www.radioluna.it\/news\/wp-content\/uploads\/2015\/09\/paolo-galante-federalberghi-500x472.jpg 500w, https:\/\/www.radioluna.it\/news\/wp-content\/uploads\/2015\/09\/paolo-galante-federalberghi-1024x967.jpg 1024w, https:\/\/www.radioluna.it\/news\/wp-content\/uploads\/2015\/09\/paolo-galante-federalberghi-635x600.jpg 635w, https:\/\/www.radioluna.it\/news\/wp-content\/uploads\/2015\/09\/paolo-galante-federalberghi-800x756.jpg 800w, https:\/\/www.radioluna.it\/news\/wp-content\/uploads\/2015\/09\/paolo-galante-federalberghi.jpg 1000w\" sizes=\"auto, (max-width: 300px) 100vw, 300px\" \/><\/a><p id=\"caption-attachment-168106\" class=\"wp-caption-text\">Paolo Galante<\/p><\/div>\n<p style=\"text-align: justify;\"><strong>LATINA<\/strong> &#8211;\u00a0Professionisti e imprenditori firmano un documento per sostenere la candidatura a sindaco di Paolo Galante in vista delle primarie del Pd. Medici, commercialisti, ingegneri, imprenditori, musicisti insieme perch\u00e9 &#8211; spiegano \u00a0&#8211; &#8221;\u00a0Galante \u00e8 una rottura di schemi nei riti della politica. E\u2019 l&#8217;idea che si pu\u00f2 cambiare volto. Il Pd ha fatto una scelta importante indicando lui per la corsa alla guida della citt\u00e0, una scelta che denota la volont\u00e0 di non restare chiusi in se stessi ma di cercare opportunit\u00e0 che prima non c&#8217;erano&#8221;.<\/p>\n<p style=\"text-align: justify;\">Un modo per esternare vicinanza. &#8220;La citt\u00e0 ha bisogno di funzionare: Paolo Galante conosce la necessit\u00e0 di avere servizi efficienti, strade praticabili, citt\u00e0 pulita, scuole degne, teatro e impianti sportivi utilizzabili. Ma sa anche di dover elaborare un progetto di come questa citt\u00e0 sar\u00e0 tra 10 anni, di come si esprimeranno i talenti dei nostri ragazzi. E&#8217; capace di pensare Latina capitale dialogante con i comuni limitrofi con i quali condividiamo il nostro territorio perch\u00e9 ha visto il mondo non da turista, ma da persona che ha cercato, nel mondo, di dire la propria. E&#8217; imprenditore capace di capire le opportunit\u00e0 e di utilizzarle al meglio.<\/p>\n<p>Siamo con Paolo perch\u00e9 in lui c&#8217;\u00e8 la consapevolezza di cosa \u00e8 questa citt\u00e0, con l&#8217;orgoglio di una famiglia che qui vive da generazioni. In una citt\u00e0 che ha accolto chiunque, senza mai chiedere\u00a0 &#8220;da dove vieni&#8221;, ma dicendo solo &#8220;vuoi aiutarci a fare meglio?&#8221;.<\/p>\n<p>In questo spirito siamo con Paolo, credendoci.<\/p>\n<p>Giancarlo Macali &#8211; Ingegnere<\/p>\n<p>Claudio Paradiso &#8211; Maestro d\u2019Orchestra<\/p>\n<p>Laura Del Vecchio \u2013 Consulente del lavoro<\/p>\n<p>Marco Saputo &#8211; Dirigente di azienda<\/p>\n<p>Flavio Favaretto \u2013 Ragioniere Commercialista<\/p>\n<p>Riccardo Mascetti \u2013 Dottore Commercialista<\/p>\n<p>Giovanni Mazzella &#8211; Medico<\/p>\n<p>Massimiliano Spada &#8211; Imprenditore<\/p>\n<p>Vittorio Zemella \u2013 Ragioniere Commercialista<\/p>\n<p>Gianluca Marini &#8211; Imprenditore<\/p>\n<p>Luca Lepori &#8211; Albergatore<\/p>\n<p>Luca Giacanella &#8211; Imprenditore<\/p>\n<p>Iucci Massimo &#8211; Avvocato<\/p>\n<p>Mauro Spada &#8211; Commerciante<\/p>\n<p>Alberto Lo Pinto \u2013 Private Banker<\/p>\n<p>Fabrizio Soscia &#8211; Medico<\/p>\n<p>Ivano Calabresi \u2013 Imprenditore Edile<\/p>\n<p>Silvia Berardi \u2013 Dottore Commercialista<\/p>\n<p>&nbsp;<\/p>\n<div class=\"radio-posizionamento-telefono-in-articoli-dopo-il-contenuto-articolo radio-entity-placement\" id=\"radio-2904798507\"><div id=\"radio-1815619291\" style=\"width: 300px;height: 250px;\"><a href=\"https:\/\/www.icarspa.it\/auto\/usate\/latina\/\" aria-label=\"banner aprile icar new life &#8211; auto usate latina\"><img loading=\"lazy\" decoding=\"async\" src=\"https:\/\/www.radioluna.it\/news\/wp-content\/uploads\/2026\/02\/banner-aprile-icar-new-life-auto-usate-latina.gif\" alt=\"\"  width=\"300\" height=\"250\"   \/><\/a><\/div><\/div>","protected":false},"excerpt":{"rendered":"<p>LATINA &#8211;\u00a0Professionisti e imprenditori firmano un documento per sostenere la candidatura a sindaco di Paolo Galante in vista delle primarie del Pd. Medici, commercialisti, ingegneri, imprenditori, musicisti insieme perch\u00e9 &#8211; spiegano \u00a0&#8211; &#8221;\u00a0Galante \u00e8 una rottura di schemi nei riti della politica. E\u2019 l&#8217;idea che si pu\u00f2 cambiare volto. Il Pd ha fatto una scelta [&hellip;]<\/p>\n","protected":false},"author":62,"featured_media":168106,"comment_status":"open","ping_status":"closed","sticky":false,"template":"","format":"standard","meta":{"footnotes":""},"categories":[8],"tags":[],"class_list":["post-169031","post","type-post","status-publish","format-standard","has-post-thumbnail","hentry","category-politica"],"_links":{"self":[{"href":"https:\/\/www.radioluna.it\/news\/wp-json\/wp\/v2\/posts\/169031","targetHints":{"allow":["GET"]}}],"collection":[{"href":"https:\/\/www.radioluna.it\/news\/wp-json\/wp\/v2\/posts"}],"about":[{"href":"https:\/\/www.radioluna.it\/news\/wp-json\/wp\/v2\/types\/post"}],"author":[{"embeddable":true,"href":"https:\/\/www.radioluna.it\/news\/wp-json\/wp\/v2\/users\/62"}],"replies":[{"embeddable":true,"href":"https:\/\/www.radioluna.it\/news\/wp-json\/wp\/v2\/comments?post=169031"}],"version-history":[{"count":0,"href":"https:\/\/www.radioluna.it\/news\/wp-json\/wp\/v2\/posts\/169031\/revisions"}],"wp:featuredmedia":[{"embeddable":true,"href":"https:\/\/www.radioluna.it\/news\/wp-json\/wp\/v2\/media\/168106"}],"wp:attachment":[{"href":"https:\/\/www.radioluna.it\/news\/wp-json\/wp\/v2\/media?parent=169031"}],"wp:term":[{"taxonomy":"category","embeddable":true,"href":"https:\/\/www.radioluna.it\/news\/wp-json\/wp\/v2\/categories?post=169031"},{"taxonomy":"post_tag","embeddable":true,"href":"https:\/\/www.radioluna.it\/news\/wp-json\/wp\/v2\/tags?post=169031"}],"curies":[{"name":"wp","href":"https:\/\/api.w.org\/{rel}","templated":true}]}}