{"id":169064,"date":"2015-09-27T18:16:21","date_gmt":"2015-09-27T16:16:21","guid":{"rendered":"http:\/\/www.radioluna.it\/news\/?p=169064"},"modified":"2015-10-02T07:32:00","modified_gmt":"2015-10-02T05:32:00","slug":"lenola-in-lutto-addio-a-pietro-ingrao","status":"publish","type":"post","link":"https:\/\/www.radioluna.it\/news\/2015\/09\/lenola-in-lutto-addio-a-pietro-ingrao\/","title":{"rendered":"Lenola in lutto, Addio a Pietro Ingrao"},"content":{"rendered":"<div id=\"fb-root\"><\/div>\n<p><a href=\"http:\/\/www.radioluna.it\/news\/wp-content\/uploads\/2011\/07\/ingrao_pietro.jpg\"><img loading=\"lazy\" decoding=\"async\" class=\"alignleft wp-image-106948 size-full\" src=\"http:\/\/www.radioluna.it\/news\/wp-content\/uploads\/2011\/07\/ingrao_pietro.jpg\" alt=\"ingrao_pietro\" width=\"230\" height=\"160\" \/><\/a><\/p>\n<p style=\"text-align: justify;\">LENOLA &#8211; E&#8217; morto a Roma Pietro Ingrao, lo scorso 30 marzo aveva compiuto 100 anni. E&#8217; \u00e8 stato storico dirigente del Partito Comunista ma anche presidente della Camera dal 1976 al 1979.\u00a0 Era nato a Lenola a cui \u00e8 rimasto sempre profodamente legato, ha frequentato il liceo a Formia dove conobbe gli insegnanti Pilo Albertelli e Gioacchino Gesmundo che ne influenzeranno profondamente la formazione. E&#8217; stato ininterrottamente deputato dal 1950 al 1992\u00a0 e per dieci anni dal 1947 al 1957 \u00e8 stato anche direttore del quotdiano L&#8217;Unit\u00e0. Nel 1991 ader\u00ec comunque al Partito Democratico della Sinistra come leader dell\u2019area dei Comunisti Democratici. Abbandon\u00f2 il partito nel 1993, aderendo poi a Rifondazione comunista, cui \u00e8 rimasto iscritto fino al 2008. Tra le opere che ha scritto: <em>Masse e potere<\/em> (<span class=\"sc\">1977<\/span>), <em>Crisi e &#8220;terza via&#8221;<\/em> (<span class=\"sc\">1978<\/span>), <em>Le cose impossibili<\/em> (<span class=\"sc\">1990<\/span>), <em>Appuntamenti di fine secolo<\/em> (<span class=\"sc\">1995<\/span>, in collab. con Rossana Rossanda), <em>Variazioni serali<\/em> (<span class=\"sc\">2000<\/span>), <em>Volevo la luna<\/em> (<span class=\"sc\">2006<\/span>), <em>La pratica del dubbio<\/em> (2007); <em>Indignarsi non basta<\/em> ( 2011). Lo scorso marzo proprio in occasione del secolo di vita di Ingrao,\u00a0 il Comune di Lenola aveva organizzato una serie di eventi dedicati all\u2019ex Presidente della Camera dei Deputati e grande dirigente politico del Pci.<\/p>\n<p>&nbsp;<\/p>\n","protected":false},"excerpt":{"rendered":"<p>LENOLA &#8211; E&#8217; morto a Roma Pietro Ingrao, lo scorso 30 marzo aveva compiuto 100 anni. E&#8217; \u00e8 stato storico dirigente del Partito Comunista ma anche presidente della Camera dal 1976 al 1979.\u00a0 Era nato a Lenola a cui \u00e8 rimasto sempre profodamente legato, ha frequentato il liceo a Formia dove conobbe gli insegnanti Pilo [&hellip;]<\/p>\n","protected":false},"author":60,"featured_media":106948,"comment_status":"open","ping_status":"closed","sticky":false,"template":"","format":"standard","meta":{"footnotes":""},"categories":[7],"tags":[],"class_list":["post-169064","post","type-post","status-publish","format-standard","has-post-thumbnail","hentry","category-cronaca"],"_links":{"self":[{"href":"https:\/\/www.radioluna.it\/news\/wp-json\/wp\/v2\/posts\/169064","targetHints":{"allow":["GET"]}}],"collection":[{"href":"https:\/\/www.radioluna.it\/news\/wp-json\/wp\/v2\/posts"}],"about":[{"href":"https:\/\/www.radioluna.it\/news\/wp-json\/wp\/v2\/types\/post"}],"author":[{"embeddable":true,"href":"https:\/\/www.radioluna.it\/news\/wp-json\/wp\/v2\/users\/60"}],"replies":[{"embeddable":true,"href":"https:\/\/www.radioluna.it\/news\/wp-json\/wp\/v2\/comments?post=169064"}],"version-history":[{"count":0,"href":"https:\/\/www.radioluna.it\/news\/wp-json\/wp\/v2\/posts\/169064\/revisions"}],"wp:featuredmedia":[{"embeddable":true,"href":"https:\/\/www.radioluna.it\/news\/wp-json\/wp\/v2\/media\/106948"}],"wp:attachment":[{"href":"https:\/\/www.radioluna.it\/news\/wp-json\/wp\/v2\/media?parent=169064"}],"wp:term":[{"taxonomy":"category","embeddable":true,"href":"https:\/\/www.radioluna.it\/news\/wp-json\/wp\/v2\/categories?post=169064"},{"taxonomy":"post_tag","embeddable":true,"href":"https:\/\/www.radioluna.it\/news\/wp-json\/wp\/v2\/tags?post=169064"}],"curies":[{"name":"wp","href":"https:\/\/api.w.org\/{rel}","templated":true}]}}