{"id":169070,"date":"2015-09-28T09:05:51","date_gmt":"2015-09-28T07:05:51","guid":{"rendered":"http:\/\/www.radioluna.it\/news\/?p=169070"},"modified":"2015-09-28T12:19:18","modified_gmt":"2015-09-28T10:19:18","slug":"camera-ardente-per-pietro-ingrao-mercoledi-il-saluto-a-lenola","status":"publish","type":"post","link":"https:\/\/www.radioluna.it\/news\/2015\/09\/camera-ardente-per-pietro-ingrao-mercoledi-il-saluto-a-lenola\/","title":{"rendered":"Camera ardente per Pietro Ingrao, mercoled\u00ec il saluto a Lenola"},"content":{"rendered":"<div id=\"fb-root\"><\/div>\n<p style=\"text-align: justify;\"><strong> <a href=\"http:\/\/www.radioluna.it\/news\/wp-content\/uploads\/2015\/09\/Pietro-Ingrao1.jpg\"><img loading=\"lazy\" decoding=\"async\" class=\"aligncenter size-thumbnail wp-image-169071\" src=\"http:\/\/www.radioluna.it\/news\/wp-content\/uploads\/2015\/09\/Pietro-Ingrao1-635x318.jpg\" alt=\"Pietro-Ingrao1\" width=\"635\" height=\"318\" srcset=\"https:\/\/www.radioluna.it\/news\/wp-content\/uploads\/2015\/09\/Pietro-Ingrao1-635x318.jpg 635w, https:\/\/www.radioluna.it\/news\/wp-content\/uploads\/2015\/09\/Pietro-Ingrao1-500x250.jpg 500w, https:\/\/www.radioluna.it\/news\/wp-content\/uploads\/2015\/09\/Pietro-Ingrao1-300x150.jpg 300w, https:\/\/www.radioluna.it\/news\/wp-content\/uploads\/2015\/09\/Pietro-Ingrao1.jpg 638w\" sizes=\"auto, (max-width: 635px) 100vw, 635px\" \/><\/a>LENOLA<\/strong> &#8211; Lenola aveva festeggiato a primavera scorsa il secolo di vita del suo cittadino pi\u00f9 illustre, Pietro Ingrao.\u00a0Era stata l&#8217;occasione per ricostruire,\u00a0con il contributo di sua sorella minore Giulia, \u00a0il rapporto tra il comunista eretico \u00a0&#8211; secondo la pi\u00f9 usata delle definizioni &#8211; e la sua citt\u00e0 natale. Ma anche per sottolineare l\u2019influenza che ebbe sulle vicende politiche, sociali e culturali locali.<\/p>\n<p style=\"text-align: justify;\">Ora \u00e8 il momento del commiato. Mercoled\u00ec Lenola lo saluter\u00e0 per l&#8217;ultima volta in una cerimonia che si terr\u00e0 alle 15 in Piazza Cavour a pochi passi dalla casa in cui nacque il 30 marzo del 1915. &#8220;E&#8217; con immenso dolore che annunciamo l&#8217;improvviso decesso del compagno Pietro Ingrao, avvenuto presso la sua casa di Roma &#8211; scrive l&#8217;Amministrazione comunale &#8211;\u00a0Ci stringiamo con affetto alla sua famiglia, alla sorella Giulia, ai figli Celeste, Chiara, Bruna, Renata e Guido e giungano a tutti loro le sincere condoglianze da tutti i compagni ed amici che lo hanno conosciuto e stimato.\u00a0<span class=\"text_exposed_show\">La morte di Pietro Ingrao e&#8217; una grande perdita per la Repubblica Italiana e crea un grande vuoto nella politica italiana&#8221;.<br \/>\n<\/span>Il sindaco di Lenola Andrea Antogiovanni \u00a0lo aveva indicato \u00a0come l&#8217;uomo &#8220;che ha incarnato i valori pi\u00f9 nobili e genuini della politica intesa come mezzo e strumento per migliorare la societ\u00e0, per combattere le ingiustizie e per affermare i diritti degli oppressi\u201d.<\/p>\n<p style=\"text-align: justify;\">Anche l\u2019ANPI Provinciale di Latina rende omaggio al Presidente e Compagno Pietro Ingrao: &#8221;\u00a0Il suo insegnamento di combattente per la Libert\u00e0 nella lotta contro il nazifascismo, di interprete originale, profondo e coerente delle dinamiche del mondo operaio e dei movimenti sociali, di indimenticabile e dialogante uomo delle Istituzioni, di disinteressata onest\u00e0 intellettuale, siano di esempio e incoraggiamento per tutti coloro che continuano a lottare per la liberazione dell\u2019uomo dalle catene della dipendenza economica e della deriva culturale e politica&#8221;.<\/p>\n<p style=\"text-align: justify;\">La camera ardente dello storico torico leader del Pci sar\u00e0\u00a0aperta oggi e domani a Montecitorio.<\/p>\n<p style=\"text-align: justify;\">\u00abCon la scomparsa di Pietro Ingrao perdiamo uno straordinario uomo delle istituzioni che ha lasciato il segno nella storia politica del nostro Paese. Per la sinistra italiana ha rappresentato un punto di riferimento costante ed uno stimolo a concentrare gli sforzi verso i pi\u00f9 deboli e la parte meno tutelata della societ\u00e0\u00bb, sono state le parole del Presidente della Regione Lazio, Nicola Zingaretti.<\/p>\n<p style=\"text-align: justify;\"><strong>FORMIA<\/strong> &#8211; Ingrao aveva vissuto anche a Formia dove era stato studente del Liceo Classico, negli anni in cui il padre era Segretario Comunale. &#8220;Formia lo ricorder\u00e0 come merita, ne discuteremo al prossimo consiglio comunale &#8220;, assicura il sindaco Sandro Bartolomeo.<\/p>\n","protected":false},"excerpt":{"rendered":"<p>LENOLA &#8211; Lenola aveva festeggiato a primavera scorsa il secolo di vita del suo cittadino pi\u00f9 illustre, Pietro Ingrao.\u00a0Era stata l&#8217;occasione per ricostruire,\u00a0con il contributo di sua sorella minore Giulia, \u00a0il rapporto tra il comunista eretico \u00a0&#8211; secondo la pi\u00f9 usata delle definizioni &#8211; e la sua citt\u00e0 natale. Ma anche per sottolineare l\u2019influenza che [&hellip;]<\/p>\n","protected":false},"author":62,"featured_media":169074,"comment_status":"open","ping_status":"closed","sticky":false,"template":"","format":"standard","meta":{"footnotes":""},"categories":[7],"tags":[],"class_list":["post-169070","post","type-post","status-publish","format-standard","has-post-thumbnail","hentry","category-cronaca"],"_links":{"self":[{"href":"https:\/\/www.radioluna.it\/news\/wp-json\/wp\/v2\/posts\/169070","targetHints":{"allow":["GET"]}}],"collection":[{"href":"https:\/\/www.radioluna.it\/news\/wp-json\/wp\/v2\/posts"}],"about":[{"href":"https:\/\/www.radioluna.it\/news\/wp-json\/wp\/v2\/types\/post"}],"author":[{"embeddable":true,"href":"https:\/\/www.radioluna.it\/news\/wp-json\/wp\/v2\/users\/62"}],"replies":[{"embeddable":true,"href":"https:\/\/www.radioluna.it\/news\/wp-json\/wp\/v2\/comments?post=169070"}],"version-history":[{"count":0,"href":"https:\/\/www.radioluna.it\/news\/wp-json\/wp\/v2\/posts\/169070\/revisions"}],"wp:featuredmedia":[{"embeddable":true,"href":"https:\/\/www.radioluna.it\/news\/wp-json\/wp\/v2\/media\/169074"}],"wp:attachment":[{"href":"https:\/\/www.radioluna.it\/news\/wp-json\/wp\/v2\/media?parent=169070"}],"wp:term":[{"taxonomy":"category","embeddable":true,"href":"https:\/\/www.radioluna.it\/news\/wp-json\/wp\/v2\/categories?post=169070"},{"taxonomy":"post_tag","embeddable":true,"href":"https:\/\/www.radioluna.it\/news\/wp-json\/wp\/v2\/tags?post=169070"}],"curies":[{"name":"wp","href":"https:\/\/api.w.org\/{rel}","templated":true}]}}