{"id":169088,"date":"2015-09-28T12:16:40","date_gmt":"2015-09-28T10:16:40","guid":{"rendered":"http:\/\/www.radioluna.it\/news\/?p=169088"},"modified":"2015-09-28T20:17:06","modified_gmt":"2015-09-28T18:17:06","slug":"cisl-pontina-a-convegno-ecco-la-ricetta-per-rilanciare-leconomia","status":"publish","type":"post","link":"https:\/\/www.radioluna.it\/news\/2015\/09\/cisl-pontina-a-convegno-ecco-la-ricetta-per-rilanciare-leconomia\/","title":{"rendered":"Cisl pontina a convegno: &#8220;Ecco la ricetta per rilanciare l&#8217;economia&#8221;"},"content":{"rendered":"<div id=\"fb-root\"><\/div>\n<div id=\"attachment_40190\" style=\"width: 310px\" class=\"wp-caption alignleft\"><a href=\"http:\/\/www.radioluna.it\/news\/wp-content\/uploads\/2010\/11\/Economia.jpg\"><img loading=\"lazy\" decoding=\"async\" aria-describedby=\"caption-attachment-40190\" class=\"wp-image-40190 size-medium\" src=\"http:\/\/www.radioluna.it\/news\/wp-content\/uploads\/2010\/11\/Economia-300x225.jpg\" alt=\"La facolt\u00e0 di Economia di Latina dove si svolge l'assemblea\" width=\"300\" height=\"225\" srcset=\"https:\/\/www.radioluna.it\/news\/wp-content\/uploads\/2010\/11\/Economia-300x225.jpg 300w, https:\/\/www.radioluna.it\/news\/wp-content\/uploads\/2010\/11\/Economia-500x375.jpg 500w, https:\/\/www.radioluna.it\/news\/wp-content\/uploads\/2010\/11\/Economia.jpg 640w\" sizes=\"auto, (max-width: 300px) 100vw, 300px\" \/><\/a><p id=\"caption-attachment-40190\" class=\"wp-caption-text\">La facolt\u00e0 di Economia di Latina, sede del seminario<\/p><\/div>\n<p style=\"text-align: justify;\"><strong>LATINA<\/strong> &#8211; Piani di sviluppo del territorio, difesa del welfare e delle persone pi\u00f9 deboli ed in difficolt\u00e0 sono\u00a0\u00a0i temi centrali della conferenza organizzativa della Cisl provinciale di di Latina (comprende anche i territori di Anzio e Nettuno) che si \u00e8 svolto\u00a0nella sala conferenze della facolt\u00e0 di Economia della Sapienza a Latina.<br \/>\nI lavori \u00a0aperti dall&#8217;intervento di Giuseppe Bonifazi, economista della Sapienza, sono proseguiti con la relazione del segretario generale reggente Tommaso Ausili: &#8221; Puntare sull&#8217; agroindustria per rilanciare l&#8217;economia pontina, far nascere a Latina un cluster sulla salute e un corso di laurea in scienze nutrizionali&#8221; tra i punti indicati.<\/p>\n<p style=\"text-align: justify;\">\n<p style=\"text-align: justify;\">L&#8217;assemblea organizzativa ha fissato i paletti del lavoro del sindacato nei prossimi anni. Primario l&#8217;impegno per lo sviluppo dell&#8217;economia locale. In questo quadro gli investimenti per le nuove infrastrutture, materiali (in particolare le strade) e immateriali (le reti informative), sono la premessa indispensabile per la crescita. I settori fondamentali sono stati individuati nella economia del mare,il turismo, il farmaceutico, l&#8217;agro-industria, l&#8217;agricoltura, la meccanica\/aerospazio, ICT, green economy,artigianato e commercio.\u00a0Su tali filiere, tra le parti sociali, i Comuni e la Camera di Commercio, sono stati concepiti quindici progetti, nel quadro del programma \u201cLATINA FUTURA\u201d. Mentre il progetto agro&amp;pharma (alimentazione e salute) dovr\u00e0 essere considerato come motore centrale di sviluppo e innovazione. Anche quest&#8217;ultimo piano, ideato dalla Unione industriali di Latina, trova l&#8217;adesione della Cisl. Il sindacato chiede, inoltre, che sia finalizzato alla costituzione di un cluster della salute. In questo contesto &#8211; secondo la Cisl &#8211; \u00e8 fondamentale la costitutuzione di un corso di laurea in scienze nutrizionali.<br \/>\nIl segretario reggente Ausili ha ribadito la necessit\u00e0 di puntare sulla competitivit\u00e0 virtuosa. Secondo un modello economico che faccia perno sulle eccellenze. \u00a0&#8220;Una sfida &#8211; ha detto Ausili &#8211; che richiede attenzione e una rinnovata capacit\u00e0, del gruppo dirigente della CISL, nella gestione di vertenze particolari. Si pensi, per esempio, alla complessit\u00e0 della vertenza di Latina Ambiente&#8221;.<\/p>\n<p>Il prossimo 6 ottobre \u00e8 prevista una segreteria unitaria di CGIL CISl e UIL . In quella occasione la Cisl proporr\u00e0 la convocazione dei tre esecutivi unitari per individuare le forme di mobilitazione e di denuncia pi\u00f9 appropriate.<\/p>\n<p style=\"text-align: justify;\">I Lavori proseguono \u00a0&#8211; IL PROGRAMMA\u00a0<a href=\"http:\/\/www.radioluna.it\/news\/wp-content\/uploads\/2015\/09\/programma-cisl.pdf\">programma cisl<\/a><\/p>\n<div class=\"radio-posizionamento-telefono-in-articoli-dopo-il-contenuto-articolo radio-entity-placement\" id=\"radio-595529626\"><div id=\"radio-2596299293\"><a href=\"https:\/\/www.simeoneceramiche.com\/\" aria-label=\"SIMEONE CERAMICHE GIF animata per radioluna_Tavola disegno 1 copia 2 (online-video-cutter.com)\"><img loading=\"lazy\" decoding=\"async\" src=\"https:\/\/www.radioluna.it\/news\/wp-content\/uploads\/2025\/05\/SIMEONE-CERAMICHE-GIF-animata-per-radioluna_Tavola-disegno-1-copia-2-online-video-cutter.com_.gif\" alt=\"\"  width=\"300\" height=\"250\"   \/><\/a><\/div><\/div>","protected":false},"excerpt":{"rendered":"<p>LATINA &#8211; Piani di sviluppo del territorio, difesa del welfare e delle persone pi\u00f9 deboli ed in difficolt\u00e0 sono\u00a0\u00a0i temi centrali della conferenza organizzativa della Cisl provinciale di di Latina (comprende anche i territori di Anzio e Nettuno) che si \u00e8 svolto\u00a0nella sala conferenze della facolt\u00e0 di Economia della Sapienza a Latina. I lavori \u00a0aperti [&hellip;]<\/p>\n","protected":false},"author":62,"featured_media":40190,"comment_status":"open","ping_status":"closed","sticky":false,"template":"","format":"standard","meta":{"footnotes":""},"categories":[11],"tags":[],"class_list":["post-169088","post","type-post","status-publish","format-standard","has-post-thumbnail","hentry","category-economia"],"_links":{"self":[{"href":"https:\/\/www.radioluna.it\/news\/wp-json\/wp\/v2\/posts\/169088","targetHints":{"allow":["GET"]}}],"collection":[{"href":"https:\/\/www.radioluna.it\/news\/wp-json\/wp\/v2\/posts"}],"about":[{"href":"https:\/\/www.radioluna.it\/news\/wp-json\/wp\/v2\/types\/post"}],"author":[{"embeddable":true,"href":"https:\/\/www.radioluna.it\/news\/wp-json\/wp\/v2\/users\/62"}],"replies":[{"embeddable":true,"href":"https:\/\/www.radioluna.it\/news\/wp-json\/wp\/v2\/comments?post=169088"}],"version-history":[{"count":0,"href":"https:\/\/www.radioluna.it\/news\/wp-json\/wp\/v2\/posts\/169088\/revisions"}],"wp:featuredmedia":[{"embeddable":true,"href":"https:\/\/www.radioluna.it\/news\/wp-json\/wp\/v2\/media\/40190"}],"wp:attachment":[{"href":"https:\/\/www.radioluna.it\/news\/wp-json\/wp\/v2\/media?parent=169088"}],"wp:term":[{"taxonomy":"category","embeddable":true,"href":"https:\/\/www.radioluna.it\/news\/wp-json\/wp\/v2\/categories?post=169088"},{"taxonomy":"post_tag","embeddable":true,"href":"https:\/\/www.radioluna.it\/news\/wp-json\/wp\/v2\/tags?post=169088"}],"curies":[{"name":"wp","href":"https:\/\/api.w.org\/{rel}","templated":true}]}}