{"id":169184,"date":"2015-09-30T13:20:11","date_gmt":"2015-09-30T11:20:11","guid":{"rendered":"http:\/\/www.radioluna.it\/news\/?p=169184"},"modified":"2015-09-30T13:20:11","modified_gmt":"2015-09-30T11:20:11","slug":"imprese-femminili-crescono-ora-il-tessuto-locale-e-un-po-piu-rosa","status":"publish","type":"post","link":"https:\/\/www.radioluna.it\/news\/2015\/09\/imprese-femminili-crescono-ora-il-tessuto-locale-e-un-po-piu-rosa\/","title":{"rendered":"Imprese femminili crescono, ora il tessuto locale \u00e8 un po&#8217; pi\u00f9 rosa"},"content":{"rendered":"<div id=\"fb-root\"><\/div>\n<p style=\"text-align: justify;\"><strong><a href=\"http:\/\/www.radioluna.it\/news\/wp-content\/uploads\/2015\/09\/donna-frumento.jpg\"><img loading=\"lazy\" decoding=\"async\" class=\"aligncenter size-full wp-image-169196\" src=\"http:\/\/www.radioluna.it\/news\/wp-content\/uploads\/2015\/09\/donna-frumento.jpg\" alt=\"donna-frumento\" width=\"381\" height=\"254\" srcset=\"https:\/\/www.radioluna.it\/news\/wp-content\/uploads\/2015\/09\/donna-frumento.jpg 381w, https:\/\/www.radioluna.it\/news\/wp-content\/uploads\/2015\/09\/donna-frumento-300x200.jpg 300w\" sizes=\"auto, (max-width: 381px) 100vw, 381px\" \/><\/a>LATINA<\/strong> &#8211; Sono quasi quindicimila le imprese\u00a0femminili in provincia di Latina, rappresentano oltre un quarto delle imprese locali e \u00a0pongono il territorio al 16\u00b0 posto nazionale per femminilizzazione del tessuto imprenditoriale. Il tasso di crescita \u00e8 modesto, sotto il punto percentuale, ma il saldo in valore assoluto dall\u2019inizio dell\u2019anno \u00e8 stato positivo per un valore di +114 imprese, determinato dalla differenza tra le 676 nuove iscrizioni, a fronte di 562 cessazioni riscontrate. Lo dicono i dati diffusi da Unioncamere, che descrivono anche\u00a0la distribuzione per settori delle imprese rosa: \u00a0il Commercio raccoglie il numero maggiore di imprese femminili (in valore assoluto 4.151 unit\u00e0), seguito dall\u2019Agricoltura, dove sono presenti 3.144 imprese gestite in prevalenza da donne.\u00a0Le imprese femminili straniere risultano invece pari al 7,42% del totale.<\/p>\n<p style=\"text-align: justify;\">&#8220;Come avviene a livello nazionale, il settore dove tradizionalmente le donne hanno un peso specifico imprenditoriale superiore \u00e8 quello delle Altre Attivit\u00e0 di Servizi &#8211; spiegano dalla camera di Commercio di Latina che ha diffuso i dati &#8211; \u00a0con oltre mille attivit\u00e0 operanti nel campo della cura della persona, per un\u2019incidenza pari al 51% del totale delle imprese registrate in tale settore; a seguire, la Sanit\u00e0 e Assistenza Sociale, che annovera 215 imprese femminili, che rappresentano la met\u00e0 delle imprese operanti in tale comparto&#8221;.<\/p>\n<p style=\"text-align: justify;\">Ma quali sono i comuni pi\u00f9 \u201crosa\u201d in provincia? Latina guida la classifica con quasi 4.000 imprese femminili, seguita da Aprilia con 1.458 imprese gestite da donne e da Terracina e Cisterna (rispettivamente con 1.189 e 1.137 unit\u00e0). Mediamente il rapporto \u00e8 di una impresa femminile ogni tre realt\u00e0 maschili.<\/p>\n<div class=\"radio-posizionamento-telefono-in-articoli-dopo-il-contenuto-articolo radio-entity-placement\" id=\"radio-210670993\"><div id=\"radio-3952138843\"><a href=\"https:\/\/www.simeoneceramiche.com\/\" aria-label=\"SIMEONE CERAMICHE GIF animata per radioluna_Tavola disegno 1 copia 2 (online-video-cutter.com)\"><img loading=\"lazy\" decoding=\"async\" src=\"https:\/\/www.radioluna.it\/news\/wp-content\/uploads\/2025\/05\/SIMEONE-CERAMICHE-GIF-animata-per-radioluna_Tavola-disegno-1-copia-2-online-video-cutter.com_.gif\" alt=\"\"  width=\"300\" height=\"250\"   \/><\/a><\/div><\/div>","protected":false},"excerpt":{"rendered":"<p>LATINA &#8211; Sono quasi quindicimila le imprese\u00a0femminili in provincia di Latina, rappresentano oltre un quarto delle imprese locali e \u00a0pongono il territorio al 16\u00b0 posto nazionale per femminilizzazione del tessuto imprenditoriale. Il tasso di crescita \u00e8 modesto, sotto il punto percentuale, ma il saldo in valore assoluto dall\u2019inizio dell\u2019anno \u00e8 stato positivo per un valore [&hellip;]<\/p>\n","protected":false},"author":62,"featured_media":169196,"comment_status":"open","ping_status":"closed","sticky":false,"template":"","format":"standard","meta":{"footnotes":""},"categories":[11],"tags":[],"class_list":["post-169184","post","type-post","status-publish","format-standard","has-post-thumbnail","hentry","category-economia"],"_links":{"self":[{"href":"https:\/\/www.radioluna.it\/news\/wp-json\/wp\/v2\/posts\/169184","targetHints":{"allow":["GET"]}}],"collection":[{"href":"https:\/\/www.radioluna.it\/news\/wp-json\/wp\/v2\/posts"}],"about":[{"href":"https:\/\/www.radioluna.it\/news\/wp-json\/wp\/v2\/types\/post"}],"author":[{"embeddable":true,"href":"https:\/\/www.radioluna.it\/news\/wp-json\/wp\/v2\/users\/62"}],"replies":[{"embeddable":true,"href":"https:\/\/www.radioluna.it\/news\/wp-json\/wp\/v2\/comments?post=169184"}],"version-history":[{"count":0,"href":"https:\/\/www.radioluna.it\/news\/wp-json\/wp\/v2\/posts\/169184\/revisions"}],"wp:featuredmedia":[{"embeddable":true,"href":"https:\/\/www.radioluna.it\/news\/wp-json\/wp\/v2\/media\/169196"}],"wp:attachment":[{"href":"https:\/\/www.radioluna.it\/news\/wp-json\/wp\/v2\/media?parent=169184"}],"wp:term":[{"taxonomy":"category","embeddable":true,"href":"https:\/\/www.radioluna.it\/news\/wp-json\/wp\/v2\/categories?post=169184"},{"taxonomy":"post_tag","embeddable":true,"href":"https:\/\/www.radioluna.it\/news\/wp-json\/wp\/v2\/tags?post=169184"}],"curies":[{"name":"wp","href":"https:\/\/api.w.org\/{rel}","templated":true}]}}