{"id":169212,"date":"2015-09-30T19:25:18","date_gmt":"2015-09-30T17:25:18","guid":{"rendered":"http:\/\/www.radioluna.it\/news\/?p=169212"},"modified":"2015-09-30T19:43:20","modified_gmt":"2015-09-30T17:43:20","slug":"a-formia-operativa-h24-piazzola-per-eliambulanza-lok-dellenac","status":"publish","type":"post","link":"https:\/\/www.radioluna.it\/news\/2015\/09\/a-formia-operativa-h24-piazzola-per-eliambulanza-lok-dellenac\/","title":{"rendered":"Formia. Piazzola per eliambulanza operativa h24. L&#8217;ok dell&#8217;Enac"},"content":{"rendered":"<div id=\"fb-root\"><\/div>\n<div id=\"attachment_81712\" style=\"width: 160px\" class=\"wp-caption alignleft\"><a href=\"http:\/\/www.radioluna.it\/news\/wp-content\/uploads\/2011\/03\/Elicottero-118.jpg\"><img loading=\"lazy\" decoding=\"async\" aria-describedby=\"caption-attachment-81712\" class=\"size-thumbnail wp-image-81712\" src=\"http:\/\/www.radioluna.it\/news\/wp-content\/uploads\/2011\/03\/Elicottero-118-150x150.jpg\" alt=\"L'elicottero del 118\" width=\"150\" height=\"150\" srcset=\"https:\/\/www.radioluna.it\/news\/wp-content\/uploads\/2011\/03\/Elicottero-118-150x150.jpg 150w, https:\/\/www.radioluna.it\/news\/wp-content\/uploads\/2011\/03\/Elicottero-118-300x300.jpg 300w, https:\/\/www.radioluna.it\/news\/wp-content\/uploads\/2011\/03\/Elicottero-118-80x80.jpg 80w, https:\/\/www.radioluna.it\/news\/wp-content\/uploads\/2011\/03\/Elicottero-118-35x35.jpg 35w, https:\/\/www.radioluna.it\/news\/wp-content\/uploads\/2011\/03\/Elicottero-118-55x55.jpg 55w, https:\/\/www.radioluna.it\/news\/wp-content\/uploads\/2011\/03\/Elicottero-118-45x45.jpg 45w, https:\/\/www.radioluna.it\/news\/wp-content\/uploads\/2011\/03\/Elicottero-118-70x70.jpg 70w, https:\/\/www.radioluna.it\/news\/wp-content\/uploads\/2011\/03\/Elicottero-118-260x260.jpg 260w, https:\/\/www.radioluna.it\/news\/wp-content\/uploads\/2011\/03\/Elicottero-118-110x110.jpg 110w, https:\/\/www.radioluna.it\/news\/wp-content\/uploads\/2011\/03\/Elicottero-118-125x125.jpg 125w\" sizes=\"auto, (max-width: 150px) 100vw, 150px\" \/><\/a><p id=\"caption-attachment-81712\" class=\"wp-caption-text\">L&#8217;elicottero del 118<\/p><\/div>\n<p style=\"text-align: justify;\"><strong>FORMIA<\/strong> &#8211; Finalmente operativa a Formia la piazzola per l&#8217;eliambulanza regionale: oggi l\u2019Enac &#8211; Ente nazionale per l\u2019aviazione civile ha comunicato che la superficie attrezzata per l\u2019elisoccorso ha tutti i requisiti per essere operativa oltre che di giorno anche in orario notturno garantendo cos\u00ec la piena operativit\u00e0 sulle 24 ore. Si chiude cos\u00ec una vicenda che si trascinavano da anni. La piazzola era stata realizzata nel 2012 ma, per motivi tecnici e burocratici, non era mai entrata in servizio.<\/p>\n<p style=\"text-align: justify;\">La Regione Lazio e L\u2019Ares hanno provveduto a rimuovere gli ostacoli e da oggi, la base di Formia insieme a quella di Acquapendente, vanno a potenziare\u00a0il circuito a disposizione\u00a0 dell\u2019elisoccorso 24 ore su 24. L\u2019Enac\u00a0ha verificato\u00a0che le due basi operano in condizioni di sicurezza\u00a0poich\u00e9 nell\u2019area di pertinenza e nelle immediate vicinanze non persistono ostacoli\u00a0che possano costituire intralcio alle operazioni di volo. Inoltre dispongono di un impianto di illuminazione sia del perimetro che a terra,\u00a0 e di segnalazione\u00a0del vento adeguati ai compiti per cui sono state costruite e tali da permettere agli elicotteri di operare in totale sicurezza.<\/p>\n<p style=\"text-align: justify;\">\u201cDa ora le popolazioni dei due comuni\u00a0 e quelli delle aree circostanti &#8211; ha commentato il\u00a0Presidente della Regione Lazio Nicola Zingaretti &#8211; \u00a0e nel caso di Formia anche\u00a0 delle isole avranno a disposizione una maggiore copertura del servizio di emergenza operativo 24 ore su 24. Vuol dire che gli ospedali sono pi\u00f9 vicini e raggiungibili in pochi minuti\u201d.<\/p>\n","protected":false},"excerpt":{"rendered":"<p>FORMIA &#8211; Finalmente operativa a Formia la piazzola per l&#8217;eliambulanza regionale: oggi l\u2019Enac &#8211; Ente nazionale per l\u2019aviazione civile ha comunicato che la superficie attrezzata per l\u2019elisoccorso ha tutti i requisiti per essere operativa oltre che di giorno anche in orario notturno garantendo cos\u00ec la piena operativit\u00e0 sulle 24 ore. Si chiude cos\u00ec una vicenda [&hellip;]<\/p>\n","protected":false},"author":60,"featured_media":81712,"comment_status":"open","ping_status":"closed","sticky":false,"template":"","format":"standard","meta":{"footnotes":""},"categories":[7],"tags":[],"class_list":["post-169212","post","type-post","status-publish","format-standard","has-post-thumbnail","hentry","category-cronaca"],"_links":{"self":[{"href":"https:\/\/www.radioluna.it\/news\/wp-json\/wp\/v2\/posts\/169212","targetHints":{"allow":["GET"]}}],"collection":[{"href":"https:\/\/www.radioluna.it\/news\/wp-json\/wp\/v2\/posts"}],"about":[{"href":"https:\/\/www.radioluna.it\/news\/wp-json\/wp\/v2\/types\/post"}],"author":[{"embeddable":true,"href":"https:\/\/www.radioluna.it\/news\/wp-json\/wp\/v2\/users\/60"}],"replies":[{"embeddable":true,"href":"https:\/\/www.radioluna.it\/news\/wp-json\/wp\/v2\/comments?post=169212"}],"version-history":[{"count":0,"href":"https:\/\/www.radioluna.it\/news\/wp-json\/wp\/v2\/posts\/169212\/revisions"}],"wp:featuredmedia":[{"embeddable":true,"href":"https:\/\/www.radioluna.it\/news\/wp-json\/wp\/v2\/media\/81712"}],"wp:attachment":[{"href":"https:\/\/www.radioluna.it\/news\/wp-json\/wp\/v2\/media?parent=169212"}],"wp:term":[{"taxonomy":"category","embeddable":true,"href":"https:\/\/www.radioluna.it\/news\/wp-json\/wp\/v2\/categories?post=169212"},{"taxonomy":"post_tag","embeddable":true,"href":"https:\/\/www.radioluna.it\/news\/wp-json\/wp\/v2\/tags?post=169212"}],"curies":[{"name":"wp","href":"https:\/\/api.w.org\/{rel}","templated":true}]}}