{"id":169225,"date":"2015-10-01T09:33:54","date_gmt":"2015-10-01T07:33:54","guid":{"rendered":"http:\/\/www.radioluna.it\/news\/?p=169225"},"modified":"2015-10-01T09:33:54","modified_gmt":"2015-10-01T07:33:54","slug":"galante-la-mia-candidatura-da-fastidio-perche-e-fuori-dal-sistema","status":"publish","type":"post","link":"https:\/\/www.radioluna.it\/news\/2015\/10\/galante-la-mia-candidatura-da-fastidio-perche-e-fuori-dal-sistema\/","title":{"rendered":"Galante: &#8220;La mia candidatura d\u00e0 fastidio perch\u00e9 \u00e8 fuori dal sistema&#8221;"},"content":{"rendered":"<div id=\"fb-root\"><\/div>\n<div id=\"attachment_149828\" style=\"width: 260px\" class=\"wp-caption alignleft\"><a href=\"http:\/\/www.radioluna.it\/news\/wp-content\/uploads\/2014\/04\/paolo-galante1-1.jpg\"><img loading=\"lazy\" decoding=\"async\" aria-describedby=\"caption-attachment-149828\" class=\"size-full wp-image-149828\" src=\"http:\/\/www.radioluna.it\/news\/wp-content\/uploads\/2014\/04\/paolo-galante1-1.jpg\" alt=\"Paolo Galante\" width=\"250\" height=\"185\" \/><\/a><p id=\"caption-attachment-149828\" class=\"wp-caption-text\">Paolo Galante<\/p><\/div>\n<p style=\"text-align: justify;\"><strong>LATINA<\/strong> &#8211; E&#8217; finito nel mirino. Il candidato moscardelliano alle primarie del Pd, Paolo Galante, \u00e8 suo malgrado un personaggio da giornale e colleziona articoli. Lui risponde a quello pubblicato sul Fatto Quotidiano che lo descrive come militante\u00a0in Terza posizione: &#8220;Credo che la verit\u00e0 conti ancora &#8211; puntualizza in una nota &#8211; \u00a0Sono stati miei clienti, faccio l&#8217;albergatore, appartenenti ad associazioni culturali di destra, come ho ospitato, paganti, il Pd e chiunque ne facesse richiesta con successiva fattura, \u00e8 il mio lavoro. Sono stato invitato ad un convegno da questa associazione organizzato nel mio albergo su temi economici in qualit\u00e0 di presidente provinciale di Federalberghi, convegno che ha visto, oltre a me, come relatori: Michele Fantasia (presidente Ferdelazio Latina); Ivan Simeone (direttore Confartigianato Latina), Pino Fiacco (presidente Confesercenti), Saverio Viola (presidente Coldiretti Latina), Bernardino Quattrociocchi ( preside facolt\u00e0 di economia de la Sapienza sede di Latina), Paola Campana (docente Economia de La Sapienza). Convegno organizzato, specifico, da una associazione culturale e non da Terza Posizione. Colgo l&#8217;occasione per precisare che, non nascondendolo mai, ho avuto la tessera di An dal 2006 al 2007, anno in cui l&#8217;ho riconsegnata per dissensi politici&#8221;.<\/p>\n<p style=\"text-align: justify;\">Oggi a Galante dedica un pezzo anche La Stampa: &#8220;Dalla destra nazionale al partito della nazione: suona pi\u00f9 o meno cos\u00ec l\u2019accusa che una fetta del Pd di Latina rivolge a Paolo Galante, presidente della locale Federalberghi, che si candida alle primarie per la poltrona di sindaco della citt\u00e0 &#8211; scrive il quotidiano di Torino &#8211; \u00a0\u00abEvidentemente la mia candidatura d\u00e0 fastidio \u00a0&#8211; risponde lui &#8211; \u00a0Dato che non ho mai fatto politica forse sconvolgo certi equilibri e provoco preoccupazione in un sistema consolidato\u00bb.<\/p>\n","protected":false},"excerpt":{"rendered":"<p>LATINA &#8211; E&#8217; finito nel mirino. Il candidato moscardelliano alle primarie del Pd, Paolo Galante, \u00e8 suo malgrado un personaggio da giornale e colleziona articoli. Lui risponde a quello pubblicato sul Fatto Quotidiano che lo descrive come militante\u00a0in Terza posizione: &#8220;Credo che la verit\u00e0 conti ancora &#8211; puntualizza in una nota &#8211; \u00a0Sono stati miei [&hellip;]<\/p>\n","protected":false},"author":62,"featured_media":149828,"comment_status":"open","ping_status":"closed","sticky":false,"template":"","format":"standard","meta":{"footnotes":""},"categories":[8],"tags":[],"class_list":["post-169225","post","type-post","status-publish","format-standard","has-post-thumbnail","hentry","category-politica"],"_links":{"self":[{"href":"https:\/\/www.radioluna.it\/news\/wp-json\/wp\/v2\/posts\/169225","targetHints":{"allow":["GET"]}}],"collection":[{"href":"https:\/\/www.radioluna.it\/news\/wp-json\/wp\/v2\/posts"}],"about":[{"href":"https:\/\/www.radioluna.it\/news\/wp-json\/wp\/v2\/types\/post"}],"author":[{"embeddable":true,"href":"https:\/\/www.radioluna.it\/news\/wp-json\/wp\/v2\/users\/62"}],"replies":[{"embeddable":true,"href":"https:\/\/www.radioluna.it\/news\/wp-json\/wp\/v2\/comments?post=169225"}],"version-history":[{"count":0,"href":"https:\/\/www.radioluna.it\/news\/wp-json\/wp\/v2\/posts\/169225\/revisions"}],"wp:featuredmedia":[{"embeddable":true,"href":"https:\/\/www.radioluna.it\/news\/wp-json\/wp\/v2\/media\/149828"}],"wp:attachment":[{"href":"https:\/\/www.radioluna.it\/news\/wp-json\/wp\/v2\/media?parent=169225"}],"wp:term":[{"taxonomy":"category","embeddable":true,"href":"https:\/\/www.radioluna.it\/news\/wp-json\/wp\/v2\/categories?post=169225"},{"taxonomy":"post_tag","embeddable":true,"href":"https:\/\/www.radioluna.it\/news\/wp-json\/wp\/v2\/tags?post=169225"}],"curies":[{"name":"wp","href":"https:\/\/api.w.org\/{rel}","templated":true}]}}