{"id":169236,"date":"2015-10-01T14:21:21","date_gmt":"2015-10-01T12:21:21","guid":{"rendered":"http:\/\/www.radioluna.it\/news\/?p=169236"},"modified":"2015-10-01T18:57:12","modified_gmt":"2015-10-01T16:57:12","slug":"joint-venture-tra-unindustria-e-il-70-stormo","status":"publish","type":"post","link":"https:\/\/www.radioluna.it\/news\/2015\/10\/joint-venture-tra-unindustria-e-il-70-stormo\/","title":{"rendered":"Joint venture tra Unindustria e il 70\u00b0 Stormo"},"content":{"rendered":"<div id=\"fb-root\"><\/div>\n<p style=\"text-align: justify;\"><strong><a href=\"http:\/\/www.radioluna.it\/news\/wp-content\/uploads\/2015\/10\/stormo.jpg\"><img loading=\"lazy\" decoding=\"async\" class=\"aligncenter size-thumbnail wp-image-169241\" src=\"http:\/\/www.radioluna.it\/news\/wp-content\/uploads\/2015\/10\/stormo-635x424.jpg\" alt=\"stormo\" width=\"635\" height=\"424\" srcset=\"https:\/\/www.radioluna.it\/news\/wp-content\/uploads\/2015\/10\/stormo-635x424.jpg 635w, https:\/\/www.radioluna.it\/news\/wp-content\/uploads\/2015\/10\/stormo-768x512.jpg 768w, https:\/\/www.radioluna.it\/news\/wp-content\/uploads\/2015\/10\/stormo-500x333.jpg 500w, https:\/\/www.radioluna.it\/news\/wp-content\/uploads\/2015\/10\/stormo-600x400.jpg 600w, https:\/\/www.radioluna.it\/news\/wp-content\/uploads\/2015\/10\/stormo-300x200.jpg 300w, https:\/\/www.radioluna.it\/news\/wp-content\/uploads\/2015\/10\/stormo-1024x683.jpg 1024w, https:\/\/www.radioluna.it\/news\/wp-content\/uploads\/2015\/10\/stormo-800x534.jpg 800w, https:\/\/www.radioluna.it\/news\/wp-content\/uploads\/2015\/10\/stormo.jpg 1000w\" sizes=\"auto, (max-width: 635px) 100vw, 635px\" \/><\/a>LATINA<\/strong> &#8211;\u00a0Nasce una joint venture tra il 70\u00b0 Stormo e Unindustria Latina. E&#8217; il momento formale di un percorso iniziato alcuni mesi fa tra la prestigiosa scuola di volo che ha sede presso l&#8217;aeroporto Comani, e l&#8217;associazione degli imprenditori pontini, con l&#8217;obiettivo di elaborare idee, azioni e programmi finalizzati allo sviluppo del territorio e a rafforzare le attivit\u00e0 dello Stormo che ha oggi un ruolo di competitor nell&#8217;addestramento con contendenti importanti: Stati Uniti, Francia, Inghilterra.<\/p>\n<p style=\"text-align: justify;\">Il protocollo \u00e8 stato firmato questa mattina alla presenza del prefetto Pieluigi Faloni e della presidente della Provincia Eleonora Della Penna, tra il Presidente di Unindustria Latina Fabio Miraglia e il colonnello Gianluca Gaetano Piccolomini: \u201cIl complesso e complicato percorso di internazionalizzazione del Reparto, che rappresenta oggi un punto di riferimento\u00a0nella formazione al volo nel contesto internazionale \u2013 ha detto il Comandante Piccolomini \u00a0&#8211; \u00e8 reso possibile anche dalla sinergia con le figure istituzionali e la compagine imprenditoriale pontina\u201d. Il prefetto ha lodato il lavoro sinergico sottolineando che &#8220;quando l&#8217;obiettivo \u00e8 comune la differenza tra pubblico e privato \u00e8 solo nelle rispettive specificit\u00e0&#8221;. &#8220;Tutti insieme &#8211; ha spiegato nel suo intervento il presidente di Unindustria Latina Fabio Miraglia, possiamo contribuire concretamente a far ripartire il Paese&#8221;<\/p>\n<p>&nbsp;<\/p>\n<div class=\"radio-posizionamento-telefono-in-articoli-dopo-il-contenuto-articolo radio-entity-placement\" id=\"radio-1794959191\"><div id=\"radio-3904502829\" style=\"width: 300px;height: 250px;\"><a href=\"https:\/\/www.icarspa.it\/auto\/usate\/latina\/\" aria-label=\"banner aprile icar new life &#8211; auto usate latina\"><img loading=\"lazy\" decoding=\"async\" src=\"https:\/\/www.radioluna.it\/news\/wp-content\/uploads\/2026\/02\/banner-aprile-icar-new-life-auto-usate-latina.gif\" alt=\"\"  width=\"300\" height=\"250\"   \/><\/a><\/div><\/div>","protected":false},"excerpt":{"rendered":"<p>LATINA &#8211;\u00a0Nasce una joint venture tra il 70\u00b0 Stormo e Unindustria Latina. E&#8217; il momento formale di un percorso iniziato alcuni mesi fa tra la prestigiosa scuola di volo che ha sede presso l&#8217;aeroporto Comani, e l&#8217;associazione degli imprenditori pontini, con l&#8217;obiettivo di elaborare idee, azioni e programmi finalizzati allo sviluppo del territorio e a [&hellip;]<\/p>\n","protected":false},"author":62,"featured_media":169241,"comment_status":"open","ping_status":"closed","sticky":false,"template":"","format":"standard","meta":{"footnotes":""},"categories":[11],"tags":[],"class_list":["post-169236","post","type-post","status-publish","format-standard","has-post-thumbnail","hentry","category-economia"],"_links":{"self":[{"href":"https:\/\/www.radioluna.it\/news\/wp-json\/wp\/v2\/posts\/169236","targetHints":{"allow":["GET"]}}],"collection":[{"href":"https:\/\/www.radioluna.it\/news\/wp-json\/wp\/v2\/posts"}],"about":[{"href":"https:\/\/www.radioluna.it\/news\/wp-json\/wp\/v2\/types\/post"}],"author":[{"embeddable":true,"href":"https:\/\/www.radioluna.it\/news\/wp-json\/wp\/v2\/users\/62"}],"replies":[{"embeddable":true,"href":"https:\/\/www.radioluna.it\/news\/wp-json\/wp\/v2\/comments?post=169236"}],"version-history":[{"count":0,"href":"https:\/\/www.radioluna.it\/news\/wp-json\/wp\/v2\/posts\/169236\/revisions"}],"wp:featuredmedia":[{"embeddable":true,"href":"https:\/\/www.radioluna.it\/news\/wp-json\/wp\/v2\/media\/169241"}],"wp:attachment":[{"href":"https:\/\/www.radioluna.it\/news\/wp-json\/wp\/v2\/media?parent=169236"}],"wp:term":[{"taxonomy":"category","embeddable":true,"href":"https:\/\/www.radioluna.it\/news\/wp-json\/wp\/v2\/categories?post=169236"},{"taxonomy":"post_tag","embeddable":true,"href":"https:\/\/www.radioluna.it\/news\/wp-json\/wp\/v2\/tags?post=169236"}],"curies":[{"name":"wp","href":"https:\/\/api.w.org\/{rel}","templated":true}]}}