{"id":169252,"date":"2015-10-02T08:21:50","date_gmt":"2015-10-02T06:21:50","guid":{"rendered":"http:\/\/www.radioluna.it\/news\/?p=169252"},"modified":"2015-10-02T08:21:50","modified_gmt":"2015-10-02T06:21:50","slug":"auto-incendiata-chiarato-atti-vili-che-non-mintimidiscono","status":"publish","type":"post","link":"https:\/\/www.radioluna.it\/news\/2015\/10\/auto-incendiata-chiarato-atti-vili-che-non-mintimidiscono\/","title":{"rendered":"Auto incendiata, Chiarato: &#8220;Atti vili che non m&#8217;intimidiscono&#8221;"},"content":{"rendered":"<div id=\"fb-root\"><\/div>\n<div id=\"attachment_169228\" style=\"width: 645px\" class=\"wp-caption aligncenter\"><a href=\"http:\/\/www.radioluna.it\/news\/wp-content\/uploads\/2015\/10\/ford-di-chiarato.jpg\"><img loading=\"lazy\" decoding=\"async\" aria-describedby=\"caption-attachment-169228\" class=\"size-thumbnail wp-image-169228\" src=\"http:\/\/www.radioluna.it\/news\/wp-content\/uploads\/2015\/10\/ford-di-chiarato-635x349.jpg\" alt=\"La Ford di Chiarato distrutta dal rogo\" width=\"635\" height=\"349\" srcset=\"https:\/\/www.radioluna.it\/news\/wp-content\/uploads\/2015\/10\/ford-di-chiarato-635x349.jpg 635w, https:\/\/www.radioluna.it\/news\/wp-content\/uploads\/2015\/10\/ford-di-chiarato-768x422.jpg 768w, https:\/\/www.radioluna.it\/news\/wp-content\/uploads\/2015\/10\/ford-di-chiarato-500x275.jpg 500w, https:\/\/www.radioluna.it\/news\/wp-content\/uploads\/2015\/10\/ford-di-chiarato-300x165.jpg 300w, https:\/\/www.radioluna.it\/news\/wp-content\/uploads\/2015\/10\/ford-di-chiarato-1024x563.jpg 1024w, https:\/\/www.radioluna.it\/news\/wp-content\/uploads\/2015\/10\/ford-di-chiarato-800x440.jpg 800w, https:\/\/www.radioluna.it\/news\/wp-content\/uploads\/2015\/10\/ford-di-chiarato.jpg 1000w\" sizes=\"auto, (max-width: 635px) 100vw, 635px\" \/><\/a><p id=\"caption-attachment-169228\" class=\"wp-caption-text\">La Ford di Chiarato distrutta dal rogo<\/p><\/div>\n<p style=\"text-align: justify;\">LATINA &#8211; &#8220;Al momento voglio dedicarmi a quello che reputo pi\u00f9 importante, star\u00f2 con la mia famiglia senza esternare nulla. Tengo per\u00f2 a sottolineare una cosa, il remake di simili atti, commessi in maniera vile da vigliacchi, non riesce ad intimidirmi&#8221;. Cos\u00ec l&#8217;ex consigliere comunale di Latina Gianni Chiarato commenta l&#8217;incendio doloso che nella notte tra mercoled\u00ec e gioved\u00ec ha distrutto l&#8217;auto di famiglia, una Ford parcheggiata sotto casa, \u00a0in Via Cavata. E&#8217; la seconda volta, sempre nello stesso modo e nello stesso punto: un anno fa il 13 settembre del 2014 era stata bruciata la Nissan intestata sempre alla moglie del politico.<\/p>\n<div class=\"radio-posizionamento-telefono-in-articoli-dopo-il-contenuto-articolo radio-entity-placement\" id=\"radio-23132754\"><div id=\"radio-3737197521\" style=\"width: 300px;height: 250px;\"><a href=\"https:\/\/www.icarspa.it\/auto\/usate\/latina\/\" aria-label=\"banner aprile icar new life &#8211; auto usate latina\"><img loading=\"lazy\" decoding=\"async\" src=\"https:\/\/www.radioluna.it\/news\/wp-content\/uploads\/2026\/02\/banner-aprile-icar-new-life-auto-usate-latina.gif\" alt=\"\"  width=\"300\" height=\"250\"   \/><\/a><\/div><\/div>","protected":false},"excerpt":{"rendered":"<p>LATINA &#8211; &#8220;Al momento voglio dedicarmi a quello che reputo pi\u00f9 importante, star\u00f2 con la mia famiglia senza esternare nulla. Tengo per\u00f2 a sottolineare una cosa, il remake di simili atti, commessi in maniera vile da vigliacchi, non riesce ad intimidirmi&#8221;. Cos\u00ec l&#8217;ex consigliere comunale di Latina Gianni Chiarato commenta l&#8217;incendio doloso che nella notte [&hellip;]<\/p>\n","protected":false},"author":62,"featured_media":169228,"comment_status":"open","ping_status":"closed","sticky":false,"template":"","format":"standard","meta":{"footnotes":""},"categories":[7],"tags":[],"class_list":["post-169252","post","type-post","status-publish","format-standard","has-post-thumbnail","hentry","category-cronaca"],"_links":{"self":[{"href":"https:\/\/www.radioluna.it\/news\/wp-json\/wp\/v2\/posts\/169252","targetHints":{"allow":["GET"]}}],"collection":[{"href":"https:\/\/www.radioluna.it\/news\/wp-json\/wp\/v2\/posts"}],"about":[{"href":"https:\/\/www.radioluna.it\/news\/wp-json\/wp\/v2\/types\/post"}],"author":[{"embeddable":true,"href":"https:\/\/www.radioluna.it\/news\/wp-json\/wp\/v2\/users\/62"}],"replies":[{"embeddable":true,"href":"https:\/\/www.radioluna.it\/news\/wp-json\/wp\/v2\/comments?post=169252"}],"version-history":[{"count":0,"href":"https:\/\/www.radioluna.it\/news\/wp-json\/wp\/v2\/posts\/169252\/revisions"}],"wp:featuredmedia":[{"embeddable":true,"href":"https:\/\/www.radioluna.it\/news\/wp-json\/wp\/v2\/media\/169228"}],"wp:attachment":[{"href":"https:\/\/www.radioluna.it\/news\/wp-json\/wp\/v2\/media?parent=169252"}],"wp:term":[{"taxonomy":"category","embeddable":true,"href":"https:\/\/www.radioluna.it\/news\/wp-json\/wp\/v2\/categories?post=169252"},{"taxonomy":"post_tag","embeddable":true,"href":"https:\/\/www.radioluna.it\/news\/wp-json\/wp\/v2\/tags?post=169252"}],"curies":[{"name":"wp","href":"https:\/\/api.w.org\/{rel}","templated":true}]}}