{"id":169306,"date":"2015-10-03T13:01:14","date_gmt":"2015-10-03T11:01:14","guid":{"rendered":"http:\/\/www.radioluna.it\/news\/?p=169306"},"modified":"2015-10-03T18:51:06","modified_gmt":"2015-10-03T16:51:06","slug":"olio-pontino-in-ripresa-aumenta-la-quantita-di-raccolto-e-la-qualita-diventa-eccellente","status":"publish","type":"post","link":"https:\/\/www.radioluna.it\/news\/2015\/10\/olio-pontino-in-ripresa-aumenta-la-quantita-di-raccolto-e-la-qualita-diventa-eccellente\/","title":{"rendered":"Olio pontino in ripresa: aumenta la quantit\u00e0 di raccolto e la qualit\u00e0 diventa eccellente"},"content":{"rendered":"<div id=\"fb-root\"><\/div>\n<div id=\"attachment_169307\" style=\"width: 645px\" class=\"wp-caption aligncenter\"><a href=\"http:\/\/www.radioluna.it\/news\/wp-content\/uploads\/2015\/10\/potatura4.jpg\"><img loading=\"lazy\" decoding=\"async\" aria-describedby=\"caption-attachment-169307\" class=\"size-thumbnail wp-image-169307\" src=\"http:\/\/www.radioluna.it\/news\/wp-content\/uploads\/2015\/10\/potatura4-635x635.jpg\" alt=\"un momento della potatura\" width=\"635\" height=\"635\" srcset=\"https:\/\/www.radioluna.it\/news\/wp-content\/uploads\/2015\/10\/potatura4-635x635.jpg 635w, https:\/\/www.radioluna.it\/news\/wp-content\/uploads\/2015\/10\/potatura4-150x150.jpg 150w, https:\/\/www.radioluna.it\/news\/wp-content\/uploads\/2015\/10\/potatura4-300x300.jpg 300w, https:\/\/www.radioluna.it\/news\/wp-content\/uploads\/2015\/10\/potatura4-500x500.jpg 500w, https:\/\/www.radioluna.it\/news\/wp-content\/uploads\/2015\/10\/potatura4-80x80.jpg 80w, https:\/\/www.radioluna.it\/news\/wp-content\/uploads\/2015\/10\/potatura4-50x50.jpg 50w, https:\/\/www.radioluna.it\/news\/wp-content\/uploads\/2015\/10\/potatura4.jpg 640w\" sizes=\"auto, (max-width: 635px) 100vw, 635px\" \/><\/a><p id=\"caption-attachment-169307\" class=\"wp-caption-text\">un momento della potatura<\/p><\/div>\n<p style=\"text-align: justify;\"><strong>LATINA<\/strong> &#8211;\u00a0Rialza la testa dopo il crollo del 2014 l&#8217;olivicoltura pontina, passando da una raccolta di 70.000 quintali di olive dell\u2019anno scorso ai 150.000\/180.000 previsti per il 2015. Un quantitativo ancora lontano dalla media provinciale dell&#8217;ultimo decennio, ma che fa comunque ben sperare i produttori. Lo \u00a0dicono i dati diffusi oggi dalla Coldiretti di Latina: \u00a0\u201cIl trend torna in terreno positivo. Stiamo risalendo la china e soprattutto, grazie al favorevole andamento climatico e alla raccolta anticipata \u2013 dice il presidente della Coldiretti di Latina, Carlo Crocetti \u2013 immetteremo sul mercato un olio di qualit\u00e0 eccezionale\u201d.<\/p>\n<p style=\"text-align: justify;\">Gi\u00e0 in questi primi giorni di ottobre, ci sono state le prime moliture dalle variet\u00e0 leccino e oliva minuta: &#8220;Abbiamo eccellenti riscontri in termini di gusto e propriet\u00e0 organolettiche che troveranno conferma anche quando ai frantoi verranno conferiti i primi raccolti di oliva itrana, la cultivar prevalente in provincia di Latina \u2013 aggiunge Giuseppe Campione, direttore della Coldiretti di Latina \u2013 abbiamo un prodotto di elevata qualit\u00e0, caratterizzato da standard organolettici tipici dell&#8217; eccellenza Invito i cittadini di Latina ad acquistare olio locale, direttamente dal produttore, sia per sostenere l\u2019economia del territorio, sia perch\u00e9 esso \u2013 conclude \u2013 \u00e8 fonte di benessere\u201d.<\/p>\n<p style=\"text-align: justify;\">Una recente ricerca universitaria sulle olive di variet\u00e0 itrana conferma con evidenza scientifica che l\u2019olio extravergine di oliva, ricco di polifenoli, \u00e8 un prezioso alleato nella prevenzione delle patologie tumorali.<\/p>\n<div class=\"radio-posizionamento-telefono-in-articoli-dopo-il-contenuto-articolo radio-entity-placement\" id=\"radio-2100880044\"><div id=\"radio-3356421628\"><a href=\"https:\/\/www.simeoneceramiche.com\/\" aria-label=\"SIMEONE CERAMICHE GIF animata per radioluna_Tavola disegno 1 copia 2 (online-video-cutter.com)\"><img loading=\"lazy\" decoding=\"async\" src=\"https:\/\/www.radioluna.it\/news\/wp-content\/uploads\/2025\/05\/SIMEONE-CERAMICHE-GIF-animata-per-radioluna_Tavola-disegno-1-copia-2-online-video-cutter.com_.gif\" alt=\"\"  width=\"300\" height=\"250\"   \/><\/a><\/div><\/div>","protected":false},"excerpt":{"rendered":"<p>LATINA &#8211;\u00a0Rialza la testa dopo il crollo del 2014 l&#8217;olivicoltura pontina, passando da una raccolta di 70.000 quintali di olive dell\u2019anno scorso ai 150.000\/180.000 previsti per il 2015. Un quantitativo ancora lontano dalla media provinciale dell&#8217;ultimo decennio, ma che fa comunque ben sperare i produttori. Lo \u00a0dicono i dati diffusi oggi dalla Coldiretti di Latina: [&hellip;]<\/p>\n","protected":false},"author":62,"featured_media":169307,"comment_status":"open","ping_status":"closed","sticky":false,"template":"","format":"standard","meta":{"footnotes":""},"categories":[11],"tags":[],"class_list":["post-169306","post","type-post","status-publish","format-standard","has-post-thumbnail","hentry","category-economia"],"_links":{"self":[{"href":"https:\/\/www.radioluna.it\/news\/wp-json\/wp\/v2\/posts\/169306","targetHints":{"allow":["GET"]}}],"collection":[{"href":"https:\/\/www.radioluna.it\/news\/wp-json\/wp\/v2\/posts"}],"about":[{"href":"https:\/\/www.radioluna.it\/news\/wp-json\/wp\/v2\/types\/post"}],"author":[{"embeddable":true,"href":"https:\/\/www.radioluna.it\/news\/wp-json\/wp\/v2\/users\/62"}],"replies":[{"embeddable":true,"href":"https:\/\/www.radioluna.it\/news\/wp-json\/wp\/v2\/comments?post=169306"}],"version-history":[{"count":0,"href":"https:\/\/www.radioluna.it\/news\/wp-json\/wp\/v2\/posts\/169306\/revisions"}],"wp:featuredmedia":[{"embeddable":true,"href":"https:\/\/www.radioluna.it\/news\/wp-json\/wp\/v2\/media\/169307"}],"wp:attachment":[{"href":"https:\/\/www.radioluna.it\/news\/wp-json\/wp\/v2\/media?parent=169306"}],"wp:term":[{"taxonomy":"category","embeddable":true,"href":"https:\/\/www.radioluna.it\/news\/wp-json\/wp\/v2\/categories?post=169306"},{"taxonomy":"post_tag","embeddable":true,"href":"https:\/\/www.radioluna.it\/news\/wp-json\/wp\/v2\/tags?post=169306"}],"curies":[{"name":"wp","href":"https:\/\/api.w.org\/{rel}","templated":true}]}}