{"id":169340,"date":"2015-10-05T15:46:01","date_gmt":"2015-10-05T13:46:01","guid":{"rendered":"http:\/\/www.radioluna.it\/news\/?p=169340"},"modified":"2015-10-28T19:47:09","modified_gmt":"2015-10-28T18:47:09","slug":"giustizia-astensione-degli-avvocati-sara-un-confronto-aperto","status":"publish","type":"post","link":"https:\/\/www.radioluna.it\/news\/2015\/10\/giustizia-astensione-degli-avvocati-sara-un-confronto-aperto\/","title":{"rendered":"A Latina lo sciopero degli avvocati contro il &#8220;taglio&#8221; degli incarichi e la giustizia"},"content":{"rendered":"<div id=\"fb-root\"><\/div>\n<p><iframe loading=\"lazy\" title=\"LUNA NOTIZIE - Protesta avvocati di Latina parla Lauretti\" width=\"740\" height=\"416\" src=\"https:\/\/www.youtube.com\/embed\/rOI_DoWGXdc?feature=oembed\" frameborder=\"0\" allow=\"accelerometer; autoplay; clipboard-write; encrypted-media; gyroscope; picture-in-picture; web-share\" referrerpolicy=\"strict-origin-when-cross-origin\" allowfullscreen><\/iframe><\/p>\n<p style=\"text-align: justify;\"><strong>LATINA\u00a0<\/strong>&#8211; Una giornata\u00a0di astensione \u00e8 in programma marted\u00ec 6 ottobre da parte degli avvocati del Foro di Latina che hanno organizzato una giornata di sciopero e che offrir\u00e0 alla cittadinanza \u00a0l\u2019occasione per un confronto pubblico con tutte le forze sociali del territorio. Oltre alle note vicende dello scandalo dei fallimenti con il presidente del Tribunale Catello Pandolfi che affidato gli incarichi ai professionisti campani, sar\u00e0 un \u00a0momento di riflessione per le toghe e non solo anche per le disfunzioni della giustizia pontina oltre che in Tribunale anche negli uffici del giudice di Pace. \u00abLe ragioni che hanno generato la protesta dell\u2019avvocatura che rappresento &#8211; sostiene il Presidente degli Avvocati Gianni Lauretti in una nota &#8211; risiedono nelle note vicende giudiziarie. Sarete tutti a conoscenza che il Tribunale ha inteso superare la situazione di impasse, creata da questo evento senza precedenti nel panorama giudiziario della provincia, revocando gli incarichi e le curatele ai soggetti coinvolti nella vicenda (misura non condivisibile) disponendone l\u2019affidamento a professionisti di Napoli, sospettando &#8211; aggiunge Lauretti &#8211; di contiguit\u00e0 i professionisti di Latina in tal modo ponendo nel nulla percorsi formativi condivisi e concertati avviati da anni dall\u2019Ordine con il Tribunale di Latina&gt;.<\/p>\n<div class=\"radio-posizionamento-telefono-in-articoli-dopo-il-contenuto-articolo radio-entity-placement\" id=\"radio-2667735196\"><div id=\"radio-2793622648\" style=\"width: 300px;height: 250px;\"><a href=\"https:\/\/www.icarspa.it\/auto\/usate\/latina\/\" aria-label=\"banner aprile icar new life &#8211; auto usate latina\"><img loading=\"lazy\" decoding=\"async\" src=\"https:\/\/www.radioluna.it\/news\/wp-content\/uploads\/2026\/02\/banner-aprile-icar-new-life-auto-usate-latina.gif\" alt=\"\"  width=\"300\" height=\"250\"   \/><\/a><\/div><\/div>","protected":false},"excerpt":{"rendered":"<p>LATINA\u00a0&#8211; Una giornata\u00a0di astensione \u00e8 in programma marted\u00ec 6 ottobre da parte degli avvocati del Foro di Latina che hanno organizzato una giornata di sciopero e che offrir\u00e0 alla cittadinanza \u00a0l\u2019occasione per un confronto pubblico con tutte le forze sociali del territorio. Oltre alle note vicende dello scandalo dei fallimenti con il presidente del Tribunale [&hellip;]<\/p>\n","protected":false},"author":60,"featured_media":0,"comment_status":"open","ping_status":"closed","sticky":false,"template":"","format":"standard","meta":{"footnotes":""},"categories":[7,2312],"tags":[],"class_list":["post-169340","post","type-post","status-publish","format-standard","hentry","category-cronaca","category-video"],"_links":{"self":[{"href":"https:\/\/www.radioluna.it\/news\/wp-json\/wp\/v2\/posts\/169340","targetHints":{"allow":["GET"]}}],"collection":[{"href":"https:\/\/www.radioluna.it\/news\/wp-json\/wp\/v2\/posts"}],"about":[{"href":"https:\/\/www.radioluna.it\/news\/wp-json\/wp\/v2\/types\/post"}],"author":[{"embeddable":true,"href":"https:\/\/www.radioluna.it\/news\/wp-json\/wp\/v2\/users\/60"}],"replies":[{"embeddable":true,"href":"https:\/\/www.radioluna.it\/news\/wp-json\/wp\/v2\/comments?post=169340"}],"version-history":[{"count":0,"href":"https:\/\/www.radioluna.it\/news\/wp-json\/wp\/v2\/posts\/169340\/revisions"}],"wp:attachment":[{"href":"https:\/\/www.radioluna.it\/news\/wp-json\/wp\/v2\/media?parent=169340"}],"wp:term":[{"taxonomy":"category","embeddable":true,"href":"https:\/\/www.radioluna.it\/news\/wp-json\/wp\/v2\/categories?post=169340"},{"taxonomy":"post_tag","embeddable":true,"href":"https:\/\/www.radioluna.it\/news\/wp-json\/wp\/v2\/tags?post=169340"}],"curies":[{"name":"wp","href":"https:\/\/api.w.org\/{rel}","templated":true}]}}