{"id":169351,"date":"2015-10-05T19:56:05","date_gmt":"2015-10-05T17:56:05","guid":{"rendered":"http:\/\/www.radioluna.it\/news\/?p=169351"},"modified":"2015-10-06T08:59:51","modified_gmt":"2015-10-06T06:59:51","slug":"soccorso-nelle-acque-di-ventotene-muore-un-81enne","status":"publish","type":"post","link":"https:\/\/www.radioluna.it\/news\/2015\/10\/soccorso-nelle-acque-di-ventotene-muore-un-81enne\/","title":{"rendered":"Soccorso nelle acque di Ventotene: muore un 81enne"},"content":{"rendered":"<div id=\"fb-root\"><\/div>\n<p style=\"text-align: justify;\"><b><a href=\"http:\/\/www.radioluna.it\/news\/wp-content\/uploads\/2015\/06\/GUARDIA-COSTIERA.jpg\"><img loading=\"lazy\" decoding=\"async\" class=\"aligncenter size-thumbnail wp-image-165181\" src=\"http:\/\/www.radioluna.it\/news\/wp-content\/uploads\/2015\/06\/GUARDIA-COSTIERA-635x424.jpg\" alt=\"GUARDIA COSTIERA\" width=\"635\" height=\"424\" srcset=\"https:\/\/www.radioluna.it\/news\/wp-content\/uploads\/2015\/06\/GUARDIA-COSTIERA-635x424.jpg 635w, https:\/\/www.radioluna.it\/news\/wp-content\/uploads\/2015\/06\/GUARDIA-COSTIERA-500x334.jpg 500w, https:\/\/www.radioluna.it\/news\/wp-content\/uploads\/2015\/06\/GUARDIA-COSTIERA-600x400.jpg 600w, https:\/\/www.radioluna.it\/news\/wp-content\/uploads\/2015\/06\/GUARDIA-COSTIERA-300x200.jpg 300w, https:\/\/www.radioluna.it\/news\/wp-content\/uploads\/2015\/06\/GUARDIA-COSTIERA.jpg 640w\" sizes=\"auto, (max-width: 635px) 100vw, 635px\" \/><\/a>VENTOTENE<\/b> &#8211; Una richiesta di soccorso \u00e8 arrivata oggi intorno alle 13 alla sala operativa dell&#8217;Ufficio circondariale Marittimo di Ponza, da parte di un&#8217;imbarcazione da diporto a vela denominata Magoo, che si trovava nelle acque davanti all&#8217;isolo di Ventotene, con a bordo un uomo di 81 anni colto da un malore. Soccorso da un&#8217;unit\u00e0 veloce della sezione navale della Guardia di Finanza l&#8217;anziano \u00e8 stato scortato in porto a Ventotene dove i medici, in considerazione della gravit\u00e0 del quadro clinico, lo hanno trasportato d&#8217;urgenza presso il poliambulatorio. Purtroppo per l&#8217;uomo originario di Firenze non c&#8217;\u00e8 stato nulla da fare \u00e8 deceduto poco dopo.<\/p>\n","protected":false},"excerpt":{"rendered":"<p>VENTOTENE &#8211; Una richiesta di soccorso \u00e8 arrivata oggi intorno alle 13 alla sala operativa dell&#8217;Ufficio circondariale Marittimo di Ponza, da parte di un&#8217;imbarcazione da diporto a vela denominata Magoo, che si trovava nelle acque davanti all&#8217;isolo di Ventotene, con a bordo un uomo di 81 anni colto da un malore. Soccorso da un&#8217;unit\u00e0 veloce [&hellip;]<\/p>\n","protected":false},"author":60,"featured_media":165181,"comment_status":"open","ping_status":"closed","sticky":false,"template":"","format":"standard","meta":{"footnotes":""},"categories":[7],"tags":[],"class_list":["post-169351","post","type-post","status-publish","format-standard","has-post-thumbnail","hentry","category-cronaca"],"_links":{"self":[{"href":"https:\/\/www.radioluna.it\/news\/wp-json\/wp\/v2\/posts\/169351","targetHints":{"allow":["GET"]}}],"collection":[{"href":"https:\/\/www.radioluna.it\/news\/wp-json\/wp\/v2\/posts"}],"about":[{"href":"https:\/\/www.radioluna.it\/news\/wp-json\/wp\/v2\/types\/post"}],"author":[{"embeddable":true,"href":"https:\/\/www.radioluna.it\/news\/wp-json\/wp\/v2\/users\/60"}],"replies":[{"embeddable":true,"href":"https:\/\/www.radioluna.it\/news\/wp-json\/wp\/v2\/comments?post=169351"}],"version-history":[{"count":0,"href":"https:\/\/www.radioluna.it\/news\/wp-json\/wp\/v2\/posts\/169351\/revisions"}],"wp:featuredmedia":[{"embeddable":true,"href":"https:\/\/www.radioluna.it\/news\/wp-json\/wp\/v2\/media\/165181"}],"wp:attachment":[{"href":"https:\/\/www.radioluna.it\/news\/wp-json\/wp\/v2\/media?parent=169351"}],"wp:term":[{"taxonomy":"category","embeddable":true,"href":"https:\/\/www.radioluna.it\/news\/wp-json\/wp\/v2\/categories?post=169351"},{"taxonomy":"post_tag","embeddable":true,"href":"https:\/\/www.radioluna.it\/news\/wp-json\/wp\/v2\/tags?post=169351"}],"curies":[{"name":"wp","href":"https:\/\/api.w.org\/{rel}","templated":true}]}}