{"id":169365,"date":"2015-10-06T09:52:44","date_gmt":"2015-10-06T07:52:44","guid":{"rendered":"http:\/\/www.radioluna.it\/news\/?p=169365"},"modified":"2015-10-07T20:56:21","modified_gmt":"2015-10-07T18:56:21","slug":"arrestato-a-latina-il-boss-michele-cuccaro-era-nascosto-in-un-casolare-di-campagna","status":"publish","type":"post","link":"https:\/\/www.radioluna.it\/news\/2015\/10\/arrestato-a-latina-il-boss-michele-cuccaro-era-nascosto-in-un-casolare-di-campagna\/","title":{"rendered":"Arrestato a Latina il boss Michele Cuccaro, era nascosto in un casolare di campagna"},"content":{"rendered":"<div id=\"fb-root\"><\/div>\n<p style=\"text-align: justify;\"><a href=\"http:\/\/www.radioluna.it\/news\/wp-content\/uploads\/2015\/09\/CARABINIERI-GENERICA-ANTONIO.jpg\"><img loading=\"lazy\" decoding=\"async\" class=\"aligncenter size-thumbnail wp-image-169186\" src=\"http:\/\/www.radioluna.it\/news\/wp-content\/uploads\/2015\/09\/CARABINIERI-GENERICA-ANTONIO-635x356.jpg\" alt=\"CARABINIERI GENERICA ANTONIO\" width=\"635\" height=\"356\" srcset=\"https:\/\/www.radioluna.it\/news\/wp-content\/uploads\/2015\/09\/CARABINIERI-GENERICA-ANTONIO-635x356.jpg 635w, https:\/\/www.radioluna.it\/news\/wp-content\/uploads\/2015\/09\/CARABINIERI-GENERICA-ANTONIO-768x431.jpg 768w, https:\/\/www.radioluna.it\/news\/wp-content\/uploads\/2015\/09\/CARABINIERI-GENERICA-ANTONIO-500x281.jpg 500w, https:\/\/www.radioluna.it\/news\/wp-content\/uploads\/2015\/09\/CARABINIERI-GENERICA-ANTONIO-300x168.jpg 300w, https:\/\/www.radioluna.it\/news\/wp-content\/uploads\/2015\/09\/CARABINIERI-GENERICA-ANTONIO-1024x575.jpg 1024w, https:\/\/www.radioluna.it\/news\/wp-content\/uploads\/2015\/09\/CARABINIERI-GENERICA-ANTONIO-800x449.jpg 800w, https:\/\/www.radioluna.it\/news\/wp-content\/uploads\/2015\/09\/CARABINIERI-GENERICA-ANTONIO.jpg 1000w\" sizes=\"auto, (max-width: 635px) 100vw, 635px\" \/><\/a>LATINA &#8211; Nascosto in un casolare di campagna a Latina \u00e8 stato dai carabinieri Michele Cuccaro, 49 anni, ritenuto elemento di vertice dell&#8217;omonimo clan attivo nella zona di Barra, quartiere orientale di Napoli. Al momento dell&#8217;arresto\u00a0era armato, ma una volta capito di essere circondato, si \u00e8 arreso. Era ricercato dal luglio del 2013 e latitante dal novembre dello stesso anno, perch\u00e9 colpito da pi\u00f9 ordinanze di custodia cautelare in carcere per associazione per delinquere di tipo mafioso, omicidio, traffico di stupefacenti, contrabbando e altro. Era inserito dal ministero dell&#8217;Interno nell&#8217;elenco dei latitanti pi\u00f9 pericolosi d&#8217;Italia.<\/p>\n<p style=\"text-align: justify;\">Il 21 giugno scorso era stato arrestato a Napoli il fratello Luigi, anch&#8217;egli latitante; i carabinieri lo avevano catturato di notte nel quartiere Barra di Napoli, nonostante il tentativo di alcune persone di impedire ai militari di portarlo via.<\/p>\n","protected":false},"excerpt":{"rendered":"<p>LATINA &#8211; Nascosto in un casolare di campagna a Latina \u00e8 stato dai carabinieri Michele Cuccaro, 49 anni, ritenuto elemento di vertice dell&#8217;omonimo clan attivo nella zona di Barra, quartiere orientale di Napoli. Al momento dell&#8217;arresto\u00a0era armato, ma una volta capito di essere circondato, si \u00e8 arreso. Era ricercato dal luglio del 2013 e latitante [&hellip;]<\/p>\n","protected":false},"author":62,"featured_media":169187,"comment_status":"open","ping_status":"closed","sticky":false,"template":"","format":"standard","meta":{"footnotes":""},"categories":[7],"tags":[],"class_list":["post-169365","post","type-post","status-publish","format-standard","has-post-thumbnail","hentry","category-cronaca"],"_links":{"self":[{"href":"https:\/\/www.radioluna.it\/news\/wp-json\/wp\/v2\/posts\/169365","targetHints":{"allow":["GET"]}}],"collection":[{"href":"https:\/\/www.radioluna.it\/news\/wp-json\/wp\/v2\/posts"}],"about":[{"href":"https:\/\/www.radioluna.it\/news\/wp-json\/wp\/v2\/types\/post"}],"author":[{"embeddable":true,"href":"https:\/\/www.radioluna.it\/news\/wp-json\/wp\/v2\/users\/62"}],"replies":[{"embeddable":true,"href":"https:\/\/www.radioluna.it\/news\/wp-json\/wp\/v2\/comments?post=169365"}],"version-history":[{"count":0,"href":"https:\/\/www.radioluna.it\/news\/wp-json\/wp\/v2\/posts\/169365\/revisions"}],"wp:featuredmedia":[{"embeddable":true,"href":"https:\/\/www.radioluna.it\/news\/wp-json\/wp\/v2\/media\/169187"}],"wp:attachment":[{"href":"https:\/\/www.radioluna.it\/news\/wp-json\/wp\/v2\/media?parent=169365"}],"wp:term":[{"taxonomy":"category","embeddable":true,"href":"https:\/\/www.radioluna.it\/news\/wp-json\/wp\/v2\/categories?post=169365"},{"taxonomy":"post_tag","embeddable":true,"href":"https:\/\/www.radioluna.it\/news\/wp-json\/wp\/v2\/tags?post=169365"}],"curies":[{"name":"wp","href":"https:\/\/api.w.org\/{rel}","templated":true}]}}