{"id":169367,"date":"2015-10-06T10:35:22","date_gmt":"2015-10-06T08:35:22","guid":{"rendered":"http:\/\/www.radioluna.it\/news\/?p=169367"},"modified":"2015-10-06T10:35:22","modified_gmt":"2015-10-06T08:35:22","slug":"lultima-sfida-di-daniele-nardi-sul-ghiacciaio-indiano-thalay-sagar","status":"publish","type":"post","link":"https:\/\/www.radioluna.it\/news\/2015\/10\/lultima-sfida-di-daniele-nardi-sul-ghiacciaio-indiano-thalay-sagar\/","title":{"rendered":"L&#8217;ultima sfida di Daniele Nardi sul ghiacciaio indiano Thalay Sagar"},"content":{"rendered":"<div id=\"fb-root\"><\/div>\n<p><a href=\"http:\/\/www.radioluna.it\/news\/wp-content\/uploads\/2015\/10\/vetta.jpg\"><img loading=\"lazy\" decoding=\"async\" class=\"aligncenter size-thumbnail wp-image-169368\" src=\"http:\/\/www.radioluna.it\/news\/wp-content\/uploads\/2015\/10\/vetta-635x476.jpg\" alt=\"vetta\" width=\"635\" height=\"476\" srcset=\"https:\/\/www.radioluna.it\/news\/wp-content\/uploads\/2015\/10\/vetta-635x476.jpg 635w, https:\/\/www.radioluna.it\/news\/wp-content\/uploads\/2015\/10\/vetta-768x576.jpg 768w, https:\/\/www.radioluna.it\/news\/wp-content\/uploads\/2015\/10\/vetta-500x375.jpg 500w, https:\/\/www.radioluna.it\/news\/wp-content\/uploads\/2015\/10\/vetta-300x225.jpg 300w, https:\/\/www.radioluna.it\/news\/wp-content\/uploads\/2015\/10\/vetta-1024x768.jpg 1024w, https:\/\/www.radioluna.it\/news\/wp-content\/uploads\/2015\/10\/vetta-800x600.jpg 800w, https:\/\/www.radioluna.it\/news\/wp-content\/uploads\/2015\/10\/vetta.jpg 1000w\" sizes=\"auto, (max-width: 635px) 100vw, 635px\" \/><\/a><strong>LATINA<\/strong> &#8211; Daniele Nardi con \u00a0Alex Txikon, \u00a0Txus Lizarraga, Adrian Legarra, Ekaitz Maiz e\u00a0Felix Criadopartiti sul Thalay Sagar. E&#8217; l&#8217;ultima parete scalata dall&#8217;alpinista di Sezze e fa spavento solo a vederla fotografata. La spedizione partita a fine agosto su\u00a0una delle montagne pi\u00f9 affascinanti del mondo (la seconda pi\u00f9 alta sul versante meridionale del ghiacciaio Gangotri) si \u00e8 conclusa a met\u00e0 settembre: &#8220;La vetta non \u00e8 stata raggiunta, ma la squadra pu\u00f2 ritenersi comunque soddisfatta per il lavoro svolto lungo la via nel pilastro sul versante nordovest, a destra della via tedesca (Harvest Moon, 2004),\u00a0chiamata &#8220;<strong>Beats of Freedom&#8221;\u00a0<\/strong>(<em>Battiti di libert\u00e0)<\/em>\u00a0700m + 520m M5\/6, A3, WI4+&#8221;, si legge in un comunicato ufficiale.<br \/>\nIl perch\u00e9 \u00e8 facile intuirlo se si considera che &#8220;non c\u2019\u00e8 un modo semplice per raggiungere la vetta del Thalay Sagar a 6904 metri. L\u2019arrampicata \u00e8 esposta e impegnativa e percorrere ogni sua via rappresenta un premio prezioso per qualsiasi alpinista&#8221;, assicurano dalla spedizione. Le difficolt\u00e0 peggiori per superare la famigerata banda di scisti, fatta di rocce che si sfaldano, in prossimit\u00e0 della vetta.<\/p>\n<p><strong>DOVE SONO ARRIVATI &#8211;<\/strong> &#8220;La parete scalata \u00e8 alta circa 900\/1000m ed \u00e8 composta \u00a0&#8211; spiegano gli scalatori &#8211; di due parti: la prima parte \u00e8 un pendio di ghiaccio con pendenze tra i 60 e gli 80 gradi poggiato su una parete di granito; la seconda parte \u00e8 una vera e propria parete di roccia verticale ed a volte strapiombante&#8221;.<\/p>\n<p><strong>IL LIMITE<\/strong> &#8211; C\u2019\u00e8 una terza parte di parete che si ricongiunge alla via normale della montagna che la squadra non ha scalato terminando cosi la via\u00a0all&#8217;imbocco\u00a0della via normale e cio\u00e8 sul colle a 6450m.<\/p>\n<p>&nbsp;<\/p>\n<div class=\"radio-posizionamento-telefono-in-articoli-dopo-il-contenuto-articolo radio-entity-placement\" id=\"radio-298168180\"><div id=\"radio-1207293806\"><a href=\"https:\/\/www.simeoneceramiche.com\/\" aria-label=\"SIMEONE CERAMICHE GIF animata per radioluna_Tavola disegno 1 copia 2 (online-video-cutter.com)\"><img loading=\"lazy\" decoding=\"async\" src=\"https:\/\/www.radioluna.it\/news\/wp-content\/uploads\/2025\/05\/SIMEONE-CERAMICHE-GIF-animata-per-radioluna_Tavola-disegno-1-copia-2-online-video-cutter.com_.gif\" alt=\"\"  width=\"300\" height=\"250\"   \/><\/a><\/div><\/div>","protected":false},"excerpt":{"rendered":"<p>LATINA &#8211; Daniele Nardi con \u00a0Alex Txikon, \u00a0Txus Lizarraga, Adrian Legarra, Ekaitz Maiz e\u00a0Felix Criadopartiti sul Thalay Sagar. E&#8217; l&#8217;ultima parete scalata dall&#8217;alpinista di Sezze e fa spavento solo a vederla fotografata. La spedizione partita a fine agosto su\u00a0una delle montagne pi\u00f9 affascinanti del mondo (la seconda pi\u00f9 alta sul versante meridionale del ghiacciaio Gangotri) [&hellip;]<\/p>\n","protected":false},"author":62,"featured_media":169368,"comment_status":"open","ping_status":"closed","sticky":false,"template":"","format":"standard","meta":{"footnotes":""},"categories":[17],"tags":[],"class_list":["post-169367","post","type-post","status-publish","format-standard","has-post-thumbnail","hentry","category-sport"],"_links":{"self":[{"href":"https:\/\/www.radioluna.it\/news\/wp-json\/wp\/v2\/posts\/169367","targetHints":{"allow":["GET"]}}],"collection":[{"href":"https:\/\/www.radioluna.it\/news\/wp-json\/wp\/v2\/posts"}],"about":[{"href":"https:\/\/www.radioluna.it\/news\/wp-json\/wp\/v2\/types\/post"}],"author":[{"embeddable":true,"href":"https:\/\/www.radioluna.it\/news\/wp-json\/wp\/v2\/users\/62"}],"replies":[{"embeddable":true,"href":"https:\/\/www.radioluna.it\/news\/wp-json\/wp\/v2\/comments?post=169367"}],"version-history":[{"count":0,"href":"https:\/\/www.radioluna.it\/news\/wp-json\/wp\/v2\/posts\/169367\/revisions"}],"wp:featuredmedia":[{"embeddable":true,"href":"https:\/\/www.radioluna.it\/news\/wp-json\/wp\/v2\/media\/169368"}],"wp:attachment":[{"href":"https:\/\/www.radioluna.it\/news\/wp-json\/wp\/v2\/media?parent=169367"}],"wp:term":[{"taxonomy":"category","embeddable":true,"href":"https:\/\/www.radioluna.it\/news\/wp-json\/wp\/v2\/categories?post=169367"},{"taxonomy":"post_tag","embeddable":true,"href":"https:\/\/www.radioluna.it\/news\/wp-json\/wp\/v2\/tags?post=169367"}],"curies":[{"name":"wp","href":"https:\/\/api.w.org\/{rel}","templated":true}]}}