{"id":169380,"date":"2015-10-06T18:13:28","date_gmt":"2015-10-06T16:13:28","guid":{"rendered":"http:\/\/www.radioluna.it\/news\/?p=169380"},"modified":"2015-10-06T18:13:28","modified_gmt":"2015-10-06T16:13:28","slug":"canti-della-montagna-concerto-di-beneficenza-al-liceo-classico","status":"publish","type":"post","link":"https:\/\/www.radioluna.it\/news\/2015\/10\/canti-della-montagna-concerto-di-beneficenza-al-liceo-classico\/","title":{"rendered":"Canti della Montagna: concerto di beneficenza al Liceo Classico"},"content":{"rendered":"<div id=\"fb-root\"><\/div>\n<p style=\"text-align: justify;\"><strong><a href=\"http:\/\/www.radioluna.it\/news\/wp-content\/uploads\/2015\/10\/alpini.jpg\"><img loading=\"lazy\" decoding=\"async\" class=\"alignleft wp-image-169381 size-medium\" src=\"http:\/\/www.radioluna.it\/news\/wp-content\/uploads\/2015\/10\/alpini-225x300.jpg\" alt=\"alpini\" width=\"225\" height=\"300\" \/><\/a>LATINA<\/strong> &#8211; Torna l&#8217;atteso appuntamento con i cori alpini nel capoluogo pontino. Ad aprire la rassegna corale, giunta alla XX edizione, dal titolo &#8220;Canti della Montagna&#8221;, sar\u00e0 la Corale Polifonica Pontina e il Coro Nov\u00e1 \u010cesk\u00e1 p\u00edse\u0148 della Repubblica Ceca, che si esibiranno venerd\u00ec 9 ottobre alle 21 presso la Chiesa SS. Cuore di Borgo Sabotino.<\/p>\n<p style=\"text-align: justify;\">Il Festival Corale Internazionale organizzato dall&#8217;Associazione Nazionale Alpini &#8211; Latina, proseguir\u00e0 con un secondo appuntamento da non perdere, dedicato a tutti gli amanti delle suggestioni legate ai canti degli Alpini e alle musiche popolari della montagna.<\/p>\n<p style=\"text-align: justify;\">Sabato 10 ottobre alle 20.30 sul palco dell&#8217;Auditorium del Liceo Classico Dante Alighieri, in viale Mazzini a Latina, il Concerto di Beneficenza vedr\u00e0 esibirsi insieme il Coroco ANA Latina, il Coro Cima Vezzena e il Coro Nov\u00e1 \u010cesk\u00e1 p\u00edse\u0148.<\/p>\n<p style=\"text-align: justify;\">\n","protected":false},"excerpt":{"rendered":"<p>LATINA &#8211; Torna l&#8217;atteso appuntamento con i cori alpini nel capoluogo pontino. Ad aprire la rassegna corale, giunta alla XX edizione, dal titolo &#8220;Canti della Montagna&#8221;, sar\u00e0 la Corale Polifonica Pontina e il Coro Nov\u00e1 \u010cesk\u00e1 p\u00edse\u0148 della Repubblica Ceca, che si esibiranno venerd\u00ec 9 ottobre alle 21 presso la Chiesa SS. Cuore di Borgo [&hellip;]<\/p>\n","protected":false},"author":60,"featured_media":169381,"comment_status":"open","ping_status":"closed","sticky":false,"template":"","format":"standard","meta":{"footnotes":""},"categories":[16],"tags":[],"class_list":["post-169380","post","type-post","status-publish","format-standard","has-post-thumbnail","hentry","category-appuntamenti"],"_links":{"self":[{"href":"https:\/\/www.radioluna.it\/news\/wp-json\/wp\/v2\/posts\/169380","targetHints":{"allow":["GET"]}}],"collection":[{"href":"https:\/\/www.radioluna.it\/news\/wp-json\/wp\/v2\/posts"}],"about":[{"href":"https:\/\/www.radioluna.it\/news\/wp-json\/wp\/v2\/types\/post"}],"author":[{"embeddable":true,"href":"https:\/\/www.radioluna.it\/news\/wp-json\/wp\/v2\/users\/60"}],"replies":[{"embeddable":true,"href":"https:\/\/www.radioluna.it\/news\/wp-json\/wp\/v2\/comments?post=169380"}],"version-history":[{"count":0,"href":"https:\/\/www.radioluna.it\/news\/wp-json\/wp\/v2\/posts\/169380\/revisions"}],"wp:featuredmedia":[{"embeddable":true,"href":"https:\/\/www.radioluna.it\/news\/wp-json\/wp\/v2\/media\/169381"}],"wp:attachment":[{"href":"https:\/\/www.radioluna.it\/news\/wp-json\/wp\/v2\/media?parent=169380"}],"wp:term":[{"taxonomy":"category","embeddable":true,"href":"https:\/\/www.radioluna.it\/news\/wp-json\/wp\/v2\/categories?post=169380"},{"taxonomy":"post_tag","embeddable":true,"href":"https:\/\/www.radioluna.it\/news\/wp-json\/wp\/v2\/tags?post=169380"}],"curies":[{"name":"wp","href":"https:\/\/api.w.org\/{rel}","templated":true}]}}