{"id":169416,"date":"2015-10-07T11:28:28","date_gmt":"2015-10-07T09:28:28","guid":{"rendered":"http:\/\/www.radioluna.it\/news\/?p=169416"},"modified":"2015-10-07T13:30:04","modified_gmt":"2015-10-07T11:30:04","slug":"a-sabaudia-andrologi-a-convegno-sullinfertilita-maschile","status":"publish","type":"post","link":"https:\/\/www.radioluna.it\/news\/2015\/10\/a-sabaudia-andrologi-a-convegno-sullinfertilita-maschile\/","title":{"rendered":"A Sabaudia andrologi a convegno sull&#8217;infertilit\u00e0 maschile"},"content":{"rendered":"<div id=\"fb-root\"><\/div>\n<p style=\"text-align: justify;\"><strong><a href=\"http:\/\/www.radioluna.it\/news\/wp-content\/uploads\/2015\/10\/giornate-andrologia.png\"><img loading=\"lazy\" decoding=\"async\" class=\" size-thumbnail wp-image-169417 aligncenter\" src=\"http:\/\/www.radioluna.it\/news\/wp-content\/uploads\/2015\/10\/giornate-andrologia-635x411.png\" alt=\"giornate andrologia\" width=\"635\" height=\"411\" srcset=\"https:\/\/www.radioluna.it\/news\/wp-content\/uploads\/2015\/10\/giornate-andrologia-635x411.png 635w, https:\/\/www.radioluna.it\/news\/wp-content\/uploads\/2015\/10\/giornate-andrologia-500x324.png 500w, https:\/\/www.radioluna.it\/news\/wp-content\/uploads\/2015\/10\/giornate-andrologia-300x194.png 300w, https:\/\/www.radioluna.it\/news\/wp-content\/uploads\/2015\/10\/giornate-andrologia.png 727w\" sizes=\"auto, (max-width: 635px) 100vw, 635px\" \/><\/a>SABAUDIA<\/strong> &#8211;\u00a0\u00abLe cause di infertilit\u00e0 sono al 50% femminili, al 30% maschili e al 20% &#8216;miste&#8217;. Quindi l&#8217;uomo \u00e8 coinvolto nella met\u00e0 dei casi\u00bb, \u00e8 quanto spiega all&#8217;Adnkronos Salute Rocco Rago, docente di Endocrinologia del polo pontino della &#8216;Sapienza&#8217; , e gi\u00e0 direttore del centro di procreazione medicalmente assistita del Goretti (oggi alla guida del PMA \u00a0del Pertini di Roma ) alla vigilia della nona edizione delle &#8216;Giornate di Andrologia e Medicina della Riproduzione&#8217; che si terranno gioved\u00ec 8 e venerd\u00ec 9 ottobre all&#8217;hotel Oasi di Kufra a \u00a0Sabaudia. \u00abNel corso del convegno &#8211; spiega Rago &#8211; si parler\u00e0 anche di alcune tematiche specifiche maschili, fra cui l&#8217;et\u00e0. Oggi sappiamo che l&#8217;orologio biologico interessa anche l&#8217;uomo, seppure in maniera diversa: non va in menopausa, ma subisce come la donna un invecchiamento dei gameti e dunque del suo materiale genetico\u00bb. All&#8217;evento di\u00a0Sabaudia, inoltre, ci si focalizzer\u00e0 anche \u00absu altri possibili fattori di infertilit\u00e0 maschile come la sindrome metabolica, obesit\u00e0 e diabete Secondo uno studio inoltre l&#8217;inquinamento atmosferico e alimentare e le sostanze chimiche contenute nei cibi sono sul banco degli imputati per il calo della fertilit\u00e0 maschile.<\/p>\n","protected":false},"excerpt":{"rendered":"<p>SABAUDIA &#8211;\u00a0\u00abLe cause di infertilit\u00e0 sono al 50% femminili, al 30% maschili e al 20% &#8216;miste&#8217;. Quindi l&#8217;uomo \u00e8 coinvolto nella met\u00e0 dei casi\u00bb, \u00e8 quanto spiega all&#8217;Adnkronos Salute Rocco Rago, docente di Endocrinologia del polo pontino della &#8216;Sapienza&#8217; , e gi\u00e0 direttore del centro di procreazione medicalmente assistita del Goretti (oggi alla guida del [&hellip;]<\/p>\n","protected":false},"author":62,"featured_media":169426,"comment_status":"open","ping_status":"closed","sticky":false,"template":"","format":"standard","meta":{"footnotes":""},"categories":[16],"tags":[],"class_list":["post-169416","post","type-post","status-publish","format-standard","has-post-thumbnail","hentry","category-appuntamenti"],"_links":{"self":[{"href":"https:\/\/www.radioluna.it\/news\/wp-json\/wp\/v2\/posts\/169416","targetHints":{"allow":["GET"]}}],"collection":[{"href":"https:\/\/www.radioluna.it\/news\/wp-json\/wp\/v2\/posts"}],"about":[{"href":"https:\/\/www.radioluna.it\/news\/wp-json\/wp\/v2\/types\/post"}],"author":[{"embeddable":true,"href":"https:\/\/www.radioluna.it\/news\/wp-json\/wp\/v2\/users\/62"}],"replies":[{"embeddable":true,"href":"https:\/\/www.radioluna.it\/news\/wp-json\/wp\/v2\/comments?post=169416"}],"version-history":[{"count":0,"href":"https:\/\/www.radioluna.it\/news\/wp-json\/wp\/v2\/posts\/169416\/revisions"}],"wp:featuredmedia":[{"embeddable":true,"href":"https:\/\/www.radioluna.it\/news\/wp-json\/wp\/v2\/media\/169426"}],"wp:attachment":[{"href":"https:\/\/www.radioluna.it\/news\/wp-json\/wp\/v2\/media?parent=169416"}],"wp:term":[{"taxonomy":"category","embeddable":true,"href":"https:\/\/www.radioluna.it\/news\/wp-json\/wp\/v2\/categories?post=169416"},{"taxonomy":"post_tag","embeddable":true,"href":"https:\/\/www.radioluna.it\/news\/wp-json\/wp\/v2\/tags?post=169416"}],"curies":[{"name":"wp","href":"https:\/\/api.w.org\/{rel}","templated":true}]}}