{"id":169431,"date":"2015-10-07T18:19:12","date_gmt":"2015-10-07T16:19:12","guid":{"rendered":"http:\/\/www.radioluna.it\/news\/?p=169431"},"modified":"2015-10-07T18:19:12","modified_gmt":"2015-10-07T16:19:12","slug":"perdite-nelle-srl-incontro-presso-la-facolta-di-economia-a-latina","status":"publish","type":"post","link":"https:\/\/www.radioluna.it\/news\/2015\/10\/perdite-nelle-srl-incontro-presso-la-facolta-di-economia-a-latina\/","title":{"rendered":"Perdite nelle Srl: incontro presso la Facolt\u00e0 di Economia a Latina"},"content":{"rendered":"<div id=\"fb-root\"><\/div>\n<div id=\"attachment_40190\" style=\"width: 160px\" class=\"wp-caption alignleft\"><a href=\"http:\/\/www.radioluna.it\/news\/wp-content\/uploads\/2010\/11\/Economia.jpg\"><img loading=\"lazy\" decoding=\"async\" aria-describedby=\"caption-attachment-40190\" class=\"size-thumbnail wp-image-40190\" src=\"http:\/\/www.radioluna.it\/news\/wp-content\/uploads\/2010\/11\/Economia-150x150.jpg\" alt=\"La facolt\u00e0 di Economia di Latina, sede del seminario\" width=\"150\" height=\"150\" srcset=\"https:\/\/www.radioluna.it\/news\/wp-content\/uploads\/2010\/11\/Economia-150x150.jpg 150w, https:\/\/www.radioluna.it\/news\/wp-content\/uploads\/2010\/11\/Economia-300x300.jpg 300w, https:\/\/www.radioluna.it\/news\/wp-content\/uploads\/2010\/11\/Economia-80x80.jpg 80w, https:\/\/www.radioluna.it\/news\/wp-content\/uploads\/2010\/11\/Economia-35x35.jpg 35w, https:\/\/www.radioluna.it\/news\/wp-content\/uploads\/2010\/11\/Economia-55x55.jpg 55w, https:\/\/www.radioluna.it\/news\/wp-content\/uploads\/2010\/11\/Economia-45x45.jpg 45w, https:\/\/www.radioluna.it\/news\/wp-content\/uploads\/2010\/11\/Economia-70x70.jpg 70w, https:\/\/www.radioluna.it\/news\/wp-content\/uploads\/2010\/11\/Economia-110x110.jpg 110w\" sizes=\"auto, (max-width: 150px) 100vw, 150px\" \/><\/a><p id=\"caption-attachment-40190\" class=\"wp-caption-text\">La facolt\u00e0 di Economia di Latina, sede del seminario<\/p><\/div>\n<p style=\"text-align: justify;\"><strong>LATINA<\/strong> \u00a0&#8211;\u00a0La Commissione Societario dell\u2019Ordine dei Dottori Commercialisti ed Esperti Contabili di Latina organizza per venerd\u00ec 9 ottobre 2015, alle 14 e trenta, presso la sala conferenze della facolt\u00e0 di economia Universit\u00e0 \u201cLa Sapienza\u201d sede di Latina, un incontro sui rischi e sulle opportunit\u00e0 nel caso di perdite azzeranti il patrimonio nelle societ\u00e0 di capitali.<br \/>\nL\u2019argomento \u00e8 di assoluta attualit\u00e0 dato, che il tessuto imprenditoriale pontino \u00e8 costituito, anche, da piccole e micro imprese organizzate, spesso, nella forma giuridica di societ\u00e0 a responsabilit\u00e0 limitata e sottovalutare situazioni del genere pu\u00f2 comportare gravi conseguenze per la societ\u00e0 e per i componenti degli organi di governo e di controllo.<\/p>\n<p style=\"text-align: justify;\">Il convegno affronta il tema delle perdite nelle societ\u00e0 a responsabilit\u00e0 limitata analizzandone i riflessi giuridici, contabili, finanziari e delle responsabilit\u00e0 per gli amministratori e per il collegio sindacale.<br \/>\nLe attivit\u00e0 saranno aperte dal saluto del Presidente dell\u2019Odcec di Latina Efrem Romagnoli e moderate da Emilio Gianfelice, coordinatore della commissione societario dello stesso Ordine; relatori saranno Piergiorgio Vella, dottore commercialista, e l\u2019avvocato Daniele Stanzione, dottore di ricerca in diritto pubblico dell\u2019economia presso l\u2019Universit\u00e0 \u201cLa Sapienza\u201d di Roma.<\/p>\n<div class=\"radio-posizionamento-telefono-in-articoli-dopo-il-contenuto-articolo radio-entity-placement\" id=\"radio-2534432094\"><div id=\"radio-3565536899\"><a href=\"https:\/\/grupporedi.it\/\" aria-label=\"Redi-Qr\"><img loading=\"lazy\" decoding=\"async\" src=\"https:\/\/www.radioluna.it\/news\/wp-content\/uploads\/2026\/03\/Redi-Qr.jpg\" alt=\"\"  srcset=\"https:\/\/www.radioluna.it\/news\/wp-content\/uploads\/2026\/03\/Redi-Qr.jpg 800w, https:\/\/www.radioluna.it\/news\/wp-content\/uploads\/2026\/03\/Redi-Qr-768x639.jpg 768w\" sizes=\"(max-width: 800px) 100vw, 800px\" width=\"300\" height=\"250\"   \/><\/a><\/div><\/div>","protected":false},"excerpt":{"rendered":"<p>LATINA \u00a0&#8211;\u00a0La Commissione Societario dell\u2019Ordine dei Dottori Commercialisti ed Esperti Contabili di Latina organizza per venerd\u00ec 9 ottobre 2015, alle 14 e trenta, presso la sala conferenze della facolt\u00e0 di economia Universit\u00e0 \u201cLa Sapienza\u201d sede di Latina, un incontro sui rischi e sulle opportunit\u00e0 nel caso di perdite azzeranti il patrimonio nelle societ\u00e0 di capitali. [&hellip;]<\/p>\n","protected":false},"author":60,"featured_media":40190,"comment_status":"open","ping_status":"closed","sticky":false,"template":"","format":"standard","meta":{"footnotes":""},"categories":[11],"tags":[],"class_list":["post-169431","post","type-post","status-publish","format-standard","has-post-thumbnail","hentry","category-economia"],"_links":{"self":[{"href":"https:\/\/www.radioluna.it\/news\/wp-json\/wp\/v2\/posts\/169431","targetHints":{"allow":["GET"]}}],"collection":[{"href":"https:\/\/www.radioluna.it\/news\/wp-json\/wp\/v2\/posts"}],"about":[{"href":"https:\/\/www.radioluna.it\/news\/wp-json\/wp\/v2\/types\/post"}],"author":[{"embeddable":true,"href":"https:\/\/www.radioluna.it\/news\/wp-json\/wp\/v2\/users\/60"}],"replies":[{"embeddable":true,"href":"https:\/\/www.radioluna.it\/news\/wp-json\/wp\/v2\/comments?post=169431"}],"version-history":[{"count":0,"href":"https:\/\/www.radioluna.it\/news\/wp-json\/wp\/v2\/posts\/169431\/revisions"}],"wp:featuredmedia":[{"embeddable":true,"href":"https:\/\/www.radioluna.it\/news\/wp-json\/wp\/v2\/media\/40190"}],"wp:attachment":[{"href":"https:\/\/www.radioluna.it\/news\/wp-json\/wp\/v2\/media?parent=169431"}],"wp:term":[{"taxonomy":"category","embeddable":true,"href":"https:\/\/www.radioluna.it\/news\/wp-json\/wp\/v2\/categories?post=169431"},{"taxonomy":"post_tag","embeddable":true,"href":"https:\/\/www.radioluna.it\/news\/wp-json\/wp\/v2\/tags?post=169431"}],"curies":[{"name":"wp","href":"https:\/\/api.w.org\/{rel}","templated":true}]}}