{"id":169435,"date":"2015-10-07T19:28:28","date_gmt":"2015-10-07T17:28:28","guid":{"rendered":"http:\/\/www.radioluna.it\/news\/?p=169435"},"modified":"2015-10-07T19:28:28","modified_gmt":"2015-10-07T17:28:28","slug":"campagna-nastro-rosa-nuova-sede-lilt-nel-sud-pontino","status":"publish","type":"post","link":"https:\/\/www.radioluna.it\/news\/2015\/10\/campagna-nastro-rosa-nuova-sede-lilt-nel-sud-pontino\/","title":{"rendered":"Campagna Nastro Rosa. Nuova sede LILT nel sud pontino"},"content":{"rendered":"<div id=\"fb-root\"><\/div>\n<p><a href=\"http:\/\/www.radioluna.it\/news\/wp-content\/uploads\/2014\/10\/lilt-pc.jpg\"><img loading=\"lazy\" decoding=\"async\" class=\"aligncenter size-thumbnail wp-image-156054\" src=\"http:\/\/www.radioluna.it\/news\/wp-content\/uploads\/2014\/10\/lilt-pc-635x323.jpg\" alt=\"lilt-pc\" width=\"635\" height=\"323\" srcset=\"https:\/\/www.radioluna.it\/news\/wp-content\/uploads\/2014\/10\/lilt-pc-635x323.jpg 635w, https:\/\/www.radioluna.it\/news\/wp-content\/uploads\/2014\/10\/lilt-pc-500x255.jpg 500w, https:\/\/www.radioluna.it\/news\/wp-content\/uploads\/2014\/10\/lilt-pc-300x153.jpg 300w, https:\/\/www.radioluna.it\/news\/wp-content\/uploads\/2014\/10\/lilt-pc.jpg 700w\" sizes=\"auto, (max-width: 635px) 100vw, 635px\" \/><\/a><\/p>\n<p style=\"text-align: justify;\"><strong>LATINA<\/strong> &#8211; Da domani, 8 ottobre 2015, sar\u00e0 aperta al pubblico la sede LILT del sud pontino.\u00a0Inaugurata a fine settembre nella struttura comunale di via Firenze, regolata da un protocollo d&#8217;intesa tra Comune di Gaeta e LILT di Latina, sottoscritto dal sindaco Cosmo Mitrano e dal vicepresidente Fabio Ricci per la LILT, la sede abbraccer\u00e0 tutto il sudpontino (aperta al pubblico ogni marted\u00ec, gioved\u00ec e venerd\u00ec dalle 10 alle 12 e ogni gioved\u00ec dalle 16 alle 18).<\/p>\n<p style=\"text-align: justify;\">Un passo importante in concomitanzacon la lettera inviata a tutti i sindaci dei 33 Comuni della Provincia di Latina con la quale il presidente della LILT pontina, Alessandro Rossi, invita ad aderire alla Campagna Mondiale del Nastro Rosa 2015. Per la XXIII volta, infatti, il mese di ottobre \u00e8 interamente dedicato alla prevenzione del tumore al seno.<\/p>\n<p style=\"text-align: justify;\">\u00a0\u201cInsieme ce la possiamo fare\u201d resta lo slogan per informare, sensibilizzare e combattere tutti insieme la battaglia contro il cancro. Nonostante tutti gli sforzi che si fanno per sconfiggere questo \u201cbig killer\u201d, infatti, \u00e8 ancora purtroppo troppo alta l\u2019incidenza della malattia che colpisce,ogni anno, tante donne, anche molto giovani. Si stimano annualmente in Italia circa 50mila nuovi casi, con una percentuale del +14%. Fra le donne tra 25 e 44 anni, l\u2019aumento registrato \u00e8 del 29%. Il tumore al seno va visto come una vera e propria emergenza sociale anche se i programmi di screening nazionale e il miglioramento delle tecniche diagnostiche e delle terapie chirurgiche e mediche fanno registrare una lenta ma costante diminuzione della mortalit\u00e0, con un\u2019alta percentuale di guarigioni. L\u2019obiettivo resta quello di raggiungere la mortalit\u00e0 zero ed \u00e8 per questo che la Lega Italiana Lotta ai Tumori (LILT) chiede alle Istituzioni, alle Diocesi, al mondo dell\u2019Associazionismo e del Volontariato sociale di &#8220;unire le forze in modo sinergico per promuovere la Cultura della Prevenzione e dell\u2019Educazione in Campo Oncologico\u201d. Lo scorso anno tutti i Sindaci hanno aderito al Nastro Rosa 2014, illuminando di rosa una o pi\u00f9 location cittadine.<\/p>\n<p style=\"text-align: justify;\">Lo scorso aprile grazie alla campagna di sensibilizzazione \u00e8 stata istituita, presso l&#8217;ospedale &#8220;Goretti&#8221; di Latina, una Breast Unit unica della AUSL pontina, una delle prime nel Lazio. In pratica un Centro di Senologia Multidisciplinare altamente qualificato, con requisiti e protocolli Europei, dedicato al trattamento del tumore al seno.<\/p>\n<p style=\"text-align: justify;\">\n<p style=\"text-align: justify;\">\n","protected":false},"excerpt":{"rendered":"<p>LATINA &#8211; Da domani, 8 ottobre 2015, sar\u00e0 aperta al pubblico la sede LILT del sud pontino.\u00a0Inaugurata a fine settembre nella struttura comunale di via Firenze, regolata da un protocollo d&#8217;intesa tra Comune di Gaeta e LILT di Latina, sottoscritto dal sindaco Cosmo Mitrano e dal vicepresidente Fabio Ricci per la LILT, la sede abbraccer\u00e0 [&hellip;]<\/p>\n","protected":false},"author":60,"featured_media":156054,"comment_status":"open","ping_status":"closed","sticky":false,"template":"","format":"standard","meta":{"footnotes":""},"categories":[7],"tags":[],"class_list":["post-169435","post","type-post","status-publish","format-standard","has-post-thumbnail","hentry","category-cronaca"],"_links":{"self":[{"href":"https:\/\/www.radioluna.it\/news\/wp-json\/wp\/v2\/posts\/169435","targetHints":{"allow":["GET"]}}],"collection":[{"href":"https:\/\/www.radioluna.it\/news\/wp-json\/wp\/v2\/posts"}],"about":[{"href":"https:\/\/www.radioluna.it\/news\/wp-json\/wp\/v2\/types\/post"}],"author":[{"embeddable":true,"href":"https:\/\/www.radioluna.it\/news\/wp-json\/wp\/v2\/users\/60"}],"replies":[{"embeddable":true,"href":"https:\/\/www.radioluna.it\/news\/wp-json\/wp\/v2\/comments?post=169435"}],"version-history":[{"count":0,"href":"https:\/\/www.radioluna.it\/news\/wp-json\/wp\/v2\/posts\/169435\/revisions"}],"wp:featuredmedia":[{"embeddable":true,"href":"https:\/\/www.radioluna.it\/news\/wp-json\/wp\/v2\/media\/156054"}],"wp:attachment":[{"href":"https:\/\/www.radioluna.it\/news\/wp-json\/wp\/v2\/media?parent=169435"}],"wp:term":[{"taxonomy":"category","embeddable":true,"href":"https:\/\/www.radioluna.it\/news\/wp-json\/wp\/v2\/categories?post=169435"},{"taxonomy":"post_tag","embeddable":true,"href":"https:\/\/www.radioluna.it\/news\/wp-json\/wp\/v2\/tags?post=169435"}],"curies":[{"name":"wp","href":"https:\/\/api.w.org\/{rel}","templated":true}]}}