{"id":169438,"date":"2015-10-07T19:43:51","date_gmt":"2015-10-07T17:43:51","guid":{"rendered":"http:\/\/www.radioluna.it\/news\/?p=169438"},"modified":"2015-10-09T08:52:13","modified_gmt":"2015-10-09T06:52:13","slug":"della-fiore-andiamo-a-modena-arrabbiati-e-consapevoli-di-dover-lottare","status":"publish","type":"post","link":"https:\/\/www.radioluna.it\/news\/2015\/10\/della-fiore-andiamo-a-modena-arrabbiati-e-consapevoli-di-dover-lottare\/","title":{"rendered":"Dellafiore: &#8220;Andiamo a Modena arrabbiati e consapevoli di dover lottare&#8221;"},"content":{"rendered":"<div id=\"fb-root\"><\/div>\n<p style=\"text-align: justify;\"><strong><a href=\"http:\/\/www.radioluna.it\/news\/wp-content\/uploads\/2015\/10\/Della-Fiore-1.png\"><img loading=\"lazy\" decoding=\"async\" class=\"alignleft wp-image-169491 size-medium\" src=\"http:\/\/www.radioluna.it\/news\/wp-content\/uploads\/2015\/10\/Della-Fiore-1-200x300.png\" alt=\"Della-Fiore-1\" width=\"200\" height=\"300\" srcset=\"https:\/\/www.radioluna.it\/news\/wp-content\/uploads\/2015\/10\/Della-Fiore-1-200x300.png 200w, https:\/\/www.radioluna.it\/news\/wp-content\/uploads\/2015\/10\/Della-Fiore-1.png 400w, https:\/\/www.radioluna.it\/news\/wp-content\/uploads\/2015\/10\/Della-Fiore-1-300x450.png 300w\" sizes=\"auto, (max-width: 200px) 100vw, 200px\" \/><\/a>LATINA<\/strong> &#8211; &#8220;Veniamo da due sconfitte, andiamo a Modena ad affrontare uno scontro diretto. Sono l\u00ec con noi e vogliono fare un campionato tranquillo, andiamo l\u00ec arrabbiati e consapevoli di dover lottare&#8221;. Parla cos\u00ec Paolo Hernan Dellafiore il difensore del Latina che analizza il momento della squadra di Mark Iuliano reduce da prestazioni incoraggianti sotto il profilo del gioco ma deludenti per il risultato. Domenica pomeriggio i nerazzurri saranno all&#8217;Alberto Braglia contro il Modena di Crespo, una partita che per la squadra pontina \u00e8 importante pi\u00f9 che mai come ammette Dellafiore. &#8220;Ci portiamo via i complimenti ma non i punti. Bisogna portarli a casa, perch\u00e9 sono quelli che fanno la classifica&#8221; ha aggiunto nel corso della conferenza stampa di met\u00e0 settimana.<\/p>\n<div class=\"radio-posizionamento-telefono-in-articoli-dopo-il-contenuto-articolo radio-entity-placement\" id=\"radio-3337652593\"><div id=\"radio-4292979783\"><a href=\"https:\/\/www.simeoneceramiche.com\/\" aria-label=\"SIMEONE CERAMICHE GIF animata per radioluna_Tavola disegno 1 copia 2 (online-video-cutter.com)\"><img loading=\"lazy\" decoding=\"async\" src=\"https:\/\/www.radioluna.it\/news\/wp-content\/uploads\/2025\/05\/SIMEONE-CERAMICHE-GIF-animata-per-radioluna_Tavola-disegno-1-copia-2-online-video-cutter.com_.gif\" alt=\"\"  width=\"300\" height=\"250\"   \/><\/a><\/div><\/div>","protected":false},"excerpt":{"rendered":"<p>LATINA &#8211; &#8220;Veniamo da due sconfitte, andiamo a Modena ad affrontare uno scontro diretto. Sono l\u00ec con noi e vogliono fare un campionato tranquillo, andiamo l\u00ec arrabbiati e consapevoli di dover lottare&#8221;. Parla cos\u00ec Paolo Hernan Dellafiore il difensore del Latina che analizza il momento della squadra di Mark Iuliano reduce da prestazioni incoraggianti sotto [&hellip;]<\/p>\n","protected":false},"author":60,"featured_media":169491,"comment_status":"open","ping_status":"closed","sticky":false,"template":"","format":"standard","meta":{"footnotes":""},"categories":[17],"tags":[],"class_list":["post-169438","post","type-post","status-publish","format-standard","has-post-thumbnail","hentry","category-sport"],"_links":{"self":[{"href":"https:\/\/www.radioluna.it\/news\/wp-json\/wp\/v2\/posts\/169438","targetHints":{"allow":["GET"]}}],"collection":[{"href":"https:\/\/www.radioluna.it\/news\/wp-json\/wp\/v2\/posts"}],"about":[{"href":"https:\/\/www.radioluna.it\/news\/wp-json\/wp\/v2\/types\/post"}],"author":[{"embeddable":true,"href":"https:\/\/www.radioluna.it\/news\/wp-json\/wp\/v2\/users\/60"}],"replies":[{"embeddable":true,"href":"https:\/\/www.radioluna.it\/news\/wp-json\/wp\/v2\/comments?post=169438"}],"version-history":[{"count":0,"href":"https:\/\/www.radioluna.it\/news\/wp-json\/wp\/v2\/posts\/169438\/revisions"}],"wp:featuredmedia":[{"embeddable":true,"href":"https:\/\/www.radioluna.it\/news\/wp-json\/wp\/v2\/media\/169491"}],"wp:attachment":[{"href":"https:\/\/www.radioluna.it\/news\/wp-json\/wp\/v2\/media?parent=169438"}],"wp:term":[{"taxonomy":"category","embeddable":true,"href":"https:\/\/www.radioluna.it\/news\/wp-json\/wp\/v2\/categories?post=169438"},{"taxonomy":"post_tag","embeddable":true,"href":"https:\/\/www.radioluna.it\/news\/wp-json\/wp\/v2\/tags?post=169438"}],"curies":[{"name":"wp","href":"https:\/\/api.w.org\/{rel}","templated":true}]}}