{"id":169454,"date":"2015-10-08T08:46:05","date_gmt":"2015-10-08T06:46:05","guid":{"rendered":"http:\/\/www.radioluna.it\/news\/?p=169454"},"modified":"2015-10-08T08:46:05","modified_gmt":"2015-10-08T06:46:05","slug":"la-giornata-del-camminare-nel-parco-nazionale-del-circeo","status":"publish","type":"post","link":"https:\/\/www.radioluna.it\/news\/2015\/10\/la-giornata-del-camminare-nel-parco-nazionale-del-circeo\/","title":{"rendered":"La Giornata del Camminare nel Parco Nazionale del Circeo"},"content":{"rendered":"<div id=\"fb-root\"><\/div>\n<div id=\"attachment_123473\" style=\"width: 310px\" class=\"wp-caption alignleft\"><a href=\"http:\/\/www.radioluna.it\/news\/wp-content\/uploads\/2012\/07\/parco-nazionale-del-circeo-760.jpg\"><img loading=\"lazy\" decoding=\"async\" aria-describedby=\"caption-attachment-123473\" class=\"wp-image-123473 size-medium\" src=\"http:\/\/www.radioluna.it\/news\/wp-content\/uploads\/2012\/07\/parco-nazionale-del-circeo-760-300x225.jpg\" alt=\"L'ingresso del centro visitatori del Parco nazionale del Circeo\" width=\"300\" height=\"225\" srcset=\"https:\/\/www.radioluna.it\/news\/wp-content\/uploads\/2012\/07\/parco-nazionale-del-circeo-760-300x225.jpg 300w, https:\/\/www.radioluna.it\/news\/wp-content\/uploads\/2012\/07\/parco-nazionale-del-circeo-760-500x375.jpg 500w, https:\/\/www.radioluna.it\/news\/wp-content\/uploads\/2012\/07\/parco-nazionale-del-circeo-760.jpg 554w\" sizes=\"auto, (max-width: 300px) 100vw, 300px\" \/><\/a><p id=\"caption-attachment-123473\" class=\"wp-caption-text\">L&#8217;ingresso del centro visitatori del Parco nazionale del Circeo<\/p><\/div>\n<p style=\"text-align: justify;\"><strong>SABAUDIA<\/strong> &#8211;\u00a0I<span class=\"testoarticolo\">l Sentiero celebra la Giornata Nazionale del Camminare organizzando La traversata del Parco Nazionale del Circeo. <\/span><\/p>\n<p style=\"text-align: justify;\"><span class=\"testoarticolo\"><strong>IL \u00a0PROGRAMMA<\/strong> &#8211; \u00a0Il programma prevede alle 9 l&#8217;appuntamento presso il parcheggio del Risto-Dancing \u201cL\u2019Olimpo\u201d sulla Migliara 49 (vedi piantina); &#8211; ore 9.15: briefing e partenza da Rio Cassano &#8211; ore 13.30: Arrivo presso il Centro Visitatori e Direszione del Parco a Sabaudia e pranzo al sacco, rientro alle 16. Prevista la presenza di una\u00a0guida ambientalista e di un accompagnatore.<\/span><\/p>\n<p style=\"text-align: justify;\"><span class=\"testoarticolo\"><strong>LUNGHEZZA PERCORSO<\/strong> \u00a0&#8211; Il percorso \u00e8 di 13 km (senza nessun dislivello), \u00e8 adatto a tutte le et\u00e0: \u00e8 sufficiente una buona condizione fisica. Consigliati: abbigliamento sportivo, scarponcini o scarpe da ginnastica, k-way, borraccia. La quota di partecipazione \u00e8 di 5 euro.<\/span><\/p>\n<p style=\"text-align: justify;\"><span class=\"testoarticolo\"> \u00a0Per prenotarsi \u00e8 sufficiente inviare un\u2019email a: info@sentiero.eu con nome e cognome dei partecipanti.\u00a0<\/span><\/p>\n","protected":false},"excerpt":{"rendered":"<p>SABAUDIA &#8211;\u00a0Il Sentiero celebra la Giornata Nazionale del Camminare organizzando La traversata del Parco Nazionale del Circeo. IL \u00a0PROGRAMMA &#8211; \u00a0Il programma prevede alle 9 l&#8217;appuntamento presso il parcheggio del Risto-Dancing \u201cL\u2019Olimpo\u201d sulla Migliara 49 (vedi piantina); &#8211; ore 9.15: briefing e partenza da Rio Cassano &#8211; ore 13.30: Arrivo presso il Centro Visitatori e [&hellip;]<\/p>\n","protected":false},"author":62,"featured_media":123473,"comment_status":"open","ping_status":"closed","sticky":false,"template":"","format":"standard","meta":{"footnotes":""},"categories":[12,16],"tags":[],"class_list":["post-169454","post","type-post","status-publish","format-standard","has-post-thumbnail","hentry","category-ambiente","category-appuntamenti"],"_links":{"self":[{"href":"https:\/\/www.radioluna.it\/news\/wp-json\/wp\/v2\/posts\/169454","targetHints":{"allow":["GET"]}}],"collection":[{"href":"https:\/\/www.radioluna.it\/news\/wp-json\/wp\/v2\/posts"}],"about":[{"href":"https:\/\/www.radioluna.it\/news\/wp-json\/wp\/v2\/types\/post"}],"author":[{"embeddable":true,"href":"https:\/\/www.radioluna.it\/news\/wp-json\/wp\/v2\/users\/62"}],"replies":[{"embeddable":true,"href":"https:\/\/www.radioluna.it\/news\/wp-json\/wp\/v2\/comments?post=169454"}],"version-history":[{"count":0,"href":"https:\/\/www.radioluna.it\/news\/wp-json\/wp\/v2\/posts\/169454\/revisions"}],"wp:featuredmedia":[{"embeddable":true,"href":"https:\/\/www.radioluna.it\/news\/wp-json\/wp\/v2\/media\/123473"}],"wp:attachment":[{"href":"https:\/\/www.radioluna.it\/news\/wp-json\/wp\/v2\/media?parent=169454"}],"wp:term":[{"taxonomy":"category","embeddable":true,"href":"https:\/\/www.radioluna.it\/news\/wp-json\/wp\/v2\/categories?post=169454"},{"taxonomy":"post_tag","embeddable":true,"href":"https:\/\/www.radioluna.it\/news\/wp-json\/wp\/v2\/tags?post=169454"}],"curies":[{"name":"wp","href":"https:\/\/api.w.org\/{rel}","templated":true}]}}