{"id":169512,"date":"2015-10-09T18:20:45","date_gmt":"2015-10-09T16:20:45","guid":{"rendered":"http:\/\/www.radioluna.it\/news\/?p=169512"},"modified":"2015-10-09T18:20:45","modified_gmt":"2015-10-09T16:20:45","slug":"iuliano-dobbiamo-riprendere-la-marcia","status":"publish","type":"post","link":"https:\/\/www.radioluna.it\/news\/2015\/10\/iuliano-dobbiamo-riprendere-la-marcia\/","title":{"rendered":"Iuliano: dobbiamo riprendere la marcia"},"content":{"rendered":"<div id=\"fb-root\"><\/div>\n<p style=\"text-align: justify;\"><a href=\"http:\/\/www.radioluna.it\/news\/wp-content\/uploads\/2015\/10\/iuliano.jpg\"><img loading=\"lazy\" decoding=\"async\" class=\"aligncenter size-thumbnail wp-image-169513\" src=\"http:\/\/www.radioluna.it\/news\/wp-content\/uploads\/2015\/10\/iuliano-635x356.jpg\" alt=\"iuliano\" width=\"635\" height=\"356\" srcset=\"https:\/\/www.radioluna.it\/news\/wp-content\/uploads\/2015\/10\/iuliano-635x356.jpg 635w, https:\/\/www.radioluna.it\/news\/wp-content\/uploads\/2015\/10\/iuliano-768x431.jpg 768w, https:\/\/www.radioluna.it\/news\/wp-content\/uploads\/2015\/10\/iuliano-500x281.jpg 500w, https:\/\/www.radioluna.it\/news\/wp-content\/uploads\/2015\/10\/iuliano-300x168.jpg 300w, https:\/\/www.radioluna.it\/news\/wp-content\/uploads\/2015\/10\/iuliano-800x449.jpg 800w, https:\/\/www.radioluna.it\/news\/wp-content\/uploads\/2015\/10\/iuliano.jpg 932w\" sizes=\"auto, (max-width: 635px) 100vw, 635px\" \/><\/a><br \/>\nLATINA- Il Latina domenica pomeriggio cercher\u00e0 di sfatare il tab\u00f9 Modena. Al Braglia negli ultimi due anni i nerazzurri non hanno mai segnato e hanno raccolto la miseria di un punto. &lt;Dobbiamo riprendere la marcia &#8211; avverte l&#8217;allenatore nerazzurro Mark Iuliano a 48 ore dalla sfida &#8211; abbiamo studiato l&#8217;avversario e andiamo a giocarci una partita importante e dobbiamo recuperare i punti persi per strada che meritavamo. Siamo consapevoli &#8211; ha aggiunto l&#8217;allenatore pontino &#8211; del nostro cammino e di essere un&#8217;ottima squadra&gt;. Al Braglia non ci sar\u00e0 sicuramente l&#8217;attaccante Dumitru mentre \u00e8 in attacco \u00e8 in dubbio Daniele Corvia. Da sottolineare il recupero a centrocampo di Olivera che sta meglio. A dirigere la partita sar\u00e0 Daniele Martinelli di Roma. L&#8217;ultimo successo del Latina risale alla scorsa stagione nella trasferta di Varese quando i nerazzurri si imposero per 2-1 ipotecando la salvezza.<\/p>\n","protected":false},"excerpt":{"rendered":"<p>LATINA- Il Latina domenica pomeriggio cercher\u00e0 di sfatare il tab\u00f9 Modena. Al Braglia negli ultimi due anni i nerazzurri non hanno mai segnato e hanno raccolto la miseria di un punto. &lt;Dobbiamo riprendere la marcia &#8211; avverte l&#8217;allenatore nerazzurro Mark Iuliano a 48 ore dalla sfida &#8211; abbiamo studiato l&#8217;avversario e andiamo a giocarci una [&hellip;]<\/p>\n","protected":false},"author":60,"featured_media":169513,"comment_status":"open","ping_status":"closed","sticky":false,"template":"","format":"standard","meta":{"footnotes":""},"categories":[17],"tags":[],"class_list":["post-169512","post","type-post","status-publish","format-standard","has-post-thumbnail","hentry","category-sport"],"_links":{"self":[{"href":"https:\/\/www.radioluna.it\/news\/wp-json\/wp\/v2\/posts\/169512","targetHints":{"allow":["GET"]}}],"collection":[{"href":"https:\/\/www.radioluna.it\/news\/wp-json\/wp\/v2\/posts"}],"about":[{"href":"https:\/\/www.radioluna.it\/news\/wp-json\/wp\/v2\/types\/post"}],"author":[{"embeddable":true,"href":"https:\/\/www.radioluna.it\/news\/wp-json\/wp\/v2\/users\/60"}],"replies":[{"embeddable":true,"href":"https:\/\/www.radioluna.it\/news\/wp-json\/wp\/v2\/comments?post=169512"}],"version-history":[{"count":0,"href":"https:\/\/www.radioluna.it\/news\/wp-json\/wp\/v2\/posts\/169512\/revisions"}],"wp:featuredmedia":[{"embeddable":true,"href":"https:\/\/www.radioluna.it\/news\/wp-json\/wp\/v2\/media\/169513"}],"wp:attachment":[{"href":"https:\/\/www.radioluna.it\/news\/wp-json\/wp\/v2\/media?parent=169512"}],"wp:term":[{"taxonomy":"category","embeddable":true,"href":"https:\/\/www.radioluna.it\/news\/wp-json\/wp\/v2\/categories?post=169512"},{"taxonomy":"post_tag","embeddable":true,"href":"https:\/\/www.radioluna.it\/news\/wp-json\/wp\/v2\/tags?post=169512"}],"curies":[{"name":"wp","href":"https:\/\/api.w.org\/{rel}","templated":true}]}}