{"id":169552,"date":"2015-10-11T17:34:45","date_gmt":"2015-10-11T15:34:45","guid":{"rendered":"http:\/\/www.radioluna.it\/news\/?p=169552"},"modified":"2015-10-12T08:25:51","modified_gmt":"2015-10-12T06:25:51","slug":"il-latina-sbanca-modena-decidono-olivera-e-schiattarella","status":"publish","type":"post","link":"https:\/\/www.radioluna.it\/news\/2015\/10\/il-latina-sbanca-modena-decidono-olivera-e-schiattarella\/","title":{"rendered":"Il Latina sbanca Modena, decidono Olivera e Schiattarella"},"content":{"rendered":"<div id=\"fb-root\"><\/div>\n<p><a href=\"http:\/\/www.radioluna.it\/news\/wp-content\/uploads\/2015\/10\/11062553_1004958076192349_3454699719473575668_o.jpg\"><img loading=\"lazy\" decoding=\"async\" class=\"aligncenter size-thumbnail wp-image-169553\" src=\"http:\/\/www.radioluna.it\/news\/wp-content\/uploads\/2015\/10\/11062553_1004958076192349_3454699719473575668_o-635x423.jpg\" alt=\"11062553_1004958076192349_3454699719473575668_o\" width=\"635\" height=\"423\" srcset=\"https:\/\/www.radioluna.it\/news\/wp-content\/uploads\/2015\/10\/11062553_1004958076192349_3454699719473575668_o-635x423.jpg 635w, https:\/\/www.radioluna.it\/news\/wp-content\/uploads\/2015\/10\/11062553_1004958076192349_3454699719473575668_o-768x512.jpg 768w, https:\/\/www.radioluna.it\/news\/wp-content\/uploads\/2015\/10\/11062553_1004958076192349_3454699719473575668_o-500x333.jpg 500w, https:\/\/www.radioluna.it\/news\/wp-content\/uploads\/2015\/10\/11062553_1004958076192349_3454699719473575668_o-600x400.jpg 600w, https:\/\/www.radioluna.it\/news\/wp-content\/uploads\/2015\/10\/11062553_1004958076192349_3454699719473575668_o-300x200.jpg 300w, https:\/\/www.radioluna.it\/news\/wp-content\/uploads\/2015\/10\/11062553_1004958076192349_3454699719473575668_o-800x533.jpg 800w, https:\/\/www.radioluna.it\/news\/wp-content\/uploads\/2015\/10\/11062553_1004958076192349_3454699719473575668_o.jpg 975w\" sizes=\"auto, (max-width: 635px) 100vw, 635px\" \/><\/a><\/p>\n<p>LATINA- Il Latina si riprende con gli interessi i punti persi a Cagliari e in casa con il Bari e conquista una vittoria convicente e fondamentale sia per il morale che per la classifica espugnando l&#8217;Alberto Braglia di Modena grazie ai gol di Olivera e di Schiattarella tutti nella ripresa. Dopo un primo tempo dominato dal grande equilibrio a centrocampo, nei secondi 45 minuti di gioco la gara si infiamma, il Modena sfiora il gol con Berlinghieri (10&#8242;) che di testa e da distanza ravvicinata esalta i riflessi di Di Gennaro che con una prodezza salva il risultato.\u00a0 Poco dopo (18&#8242;) i nerazzurri passano con un&#8217;azione innescata da Olivera che poi raccoglie un assist dell&#8217;ex Acosty proveniente dalla destra e regala l&#8217;1-0. Il Modena \u00e8 stordito ma reagisce e colpisce un palo con Stanco sempre su un colpo di testa, \u00e8 il Latina per\u00f2 ad avere le redini del gioco e del match e raddoppia dopo la mezz&#8217;ora con una ripartenza che taglia in due la difesa gialloblu e consente a Schiattarella di siglare con un destro che finisce all&#8217;angolo di Manfredini il definitivo 2-0. Quello di oggi \u00e8 il primo successo nerazzurro al Braglia dove negli altri due precedenti il Latina non aveva mai segnato un gol ma \u00e8 anche la prima vittoria in trasferta della stagione.\u00a0 (Nella foto Us Latina Calcio Pasquale Schiattarella)<\/p>\n<p><strong>Modena<\/strong>: Manfredini, Calapai, Marzorati, Gozzi (1\u2019 st Zucchini), Rubin, Belinghieri, Galloppa, Doninelli (20\u2019 st Nizzetto), Giorico, Stanco, Sowe (20\u2019 st Mazzarani). <strong>A disp<\/strong>.: Schiuma, Popescu, Aldrovandi, Luppi, Olivera S., Besea. <strong>All<\/strong>.: Crespo<\/p>\n<p><strong>\u00a0<\/strong><\/p>\n<p><strong>Latina: <\/strong>Di Gennaro, Bruscagin, Brosco, Dellafiore, Calderoni, Schiattarella (38\u2019 st Marchionni), Olivera, Ammari (28\u2019 st Mbaye), Acosty, Jefferson, Scaglia (28\u2019 st Esposito). <strong>A disp.: <\/strong>Farelli, Moretti, Regoli, Talamo, Sbordone, Baldanzeddu. <strong>All.: <\/strong>Iuliano<\/p>\n<p><strong>\u00a0<\/strong><\/p>\n<p><strong>Arbitro<\/strong>: Martinelli di Roma 2. <strong>Assistenti<\/strong>: Borzom\u00ec di Torino e Disalvo di Barletta. <strong>Quarto uomo<\/strong>: Rapuano di Rimini<\/p>\n<p>&nbsp;<\/p>\n<p><strong>Marcatori<\/strong>: 18\u2019 st Olivera, 31\u2019 st Schiattarella<\/p>\n<p>&nbsp;<\/p>\n<p><strong>Ammoniti<\/strong>: Ammari, Schiattarella, Galloppa, Calderoni, Zucchini, Marzorati, Brosco<\/p>\n<p>&nbsp;<\/p>\n","protected":false},"excerpt":{"rendered":"<p>LATINA- Il Latina si riprende con gli interessi i punti persi a Cagliari e in casa con il Bari e conquista una vittoria convicente e fondamentale sia per il morale che per la classifica espugnando l&#8217;Alberto Braglia di Modena grazie ai gol di Olivera e di Schiattarella tutti nella ripresa. Dopo un primo tempo dominato [&hellip;]<\/p>\n","protected":false},"author":60,"featured_media":169553,"comment_status":"open","ping_status":"closed","sticky":false,"template":"","format":"standard","meta":{"footnotes":""},"categories":[17],"tags":[],"class_list":["post-169552","post","type-post","status-publish","format-standard","has-post-thumbnail","hentry","category-sport"],"_links":{"self":[{"href":"https:\/\/www.radioluna.it\/news\/wp-json\/wp\/v2\/posts\/169552","targetHints":{"allow":["GET"]}}],"collection":[{"href":"https:\/\/www.radioluna.it\/news\/wp-json\/wp\/v2\/posts"}],"about":[{"href":"https:\/\/www.radioluna.it\/news\/wp-json\/wp\/v2\/types\/post"}],"author":[{"embeddable":true,"href":"https:\/\/www.radioluna.it\/news\/wp-json\/wp\/v2\/users\/60"}],"replies":[{"embeddable":true,"href":"https:\/\/www.radioluna.it\/news\/wp-json\/wp\/v2\/comments?post=169552"}],"version-history":[{"count":0,"href":"https:\/\/www.radioluna.it\/news\/wp-json\/wp\/v2\/posts\/169552\/revisions"}],"wp:featuredmedia":[{"embeddable":true,"href":"https:\/\/www.radioluna.it\/news\/wp-json\/wp\/v2\/media\/169553"}],"wp:attachment":[{"href":"https:\/\/www.radioluna.it\/news\/wp-json\/wp\/v2\/media?parent=169552"}],"wp:term":[{"taxonomy":"category","embeddable":true,"href":"https:\/\/www.radioluna.it\/news\/wp-json\/wp\/v2\/categories?post=169552"},{"taxonomy":"post_tag","embeddable":true,"href":"https:\/\/www.radioluna.it\/news\/wp-json\/wp\/v2\/tags?post=169552"}],"curies":[{"name":"wp","href":"https:\/\/api.w.org\/{rel}","templated":true}]}}