{"id":169578,"date":"2015-10-12T18:55:24","date_gmt":"2015-10-12T16:55:24","guid":{"rendered":"http:\/\/www.radioluna.it\/news\/?p=169578"},"modified":"2015-10-12T18:55:24","modified_gmt":"2015-10-12T16:55:24","slug":"mobilita-per-27-lavoratori-16-ore-di-sciopero-alla-abbvie","status":"publish","type":"post","link":"https:\/\/www.radioluna.it\/news\/2015\/10\/mobilita-per-27-lavoratori-16-ore-di-sciopero-alla-abbvie\/","title":{"rendered":"Mobilit\u00e0 per 27 lavoratori, 16 ore di sciopero alla AbbVie"},"content":{"rendered":"<div id=\"fb-root\"><\/div>\n<p style=\"text-align: justify;\"><strong><a href=\"http:\/\/www.radioluna.it\/news\/wp-content\/uploads\/2014\/08\/AbbVie_Campoverde-478x350.jpg\"><img loading=\"lazy\" decoding=\"async\" class=\" size-full wp-image-153489 alignleft\" src=\"http:\/\/www.radioluna.it\/news\/wp-content\/uploads\/2014\/08\/AbbVie_Campoverde-478x350.jpg\" alt=\"AbbVie_Campoverde-478x350\" width=\"478\" height=\"350\" srcset=\"https:\/\/www.radioluna.it\/news\/wp-content\/uploads\/2014\/08\/AbbVie_Campoverde-478x350.jpg 478w, https:\/\/www.radioluna.it\/news\/wp-content\/uploads\/2014\/08\/AbbVie_Campoverde-478x350-300x220.jpg 300w\" sizes=\"auto, (max-width: 478px) 100vw, 478px\" \/><\/a>APRILIA<\/strong> &#8211;\u00a0Un pacchetto di 16 ore di sciopero \u00e8 stato deciso questa mattina dall&#8217;assemblea dei dipendenti della AbbVie srl tenutasi a Milano. E&#8217; questa la prima, dura, risposta che sindacati e lavoratori hanno dato all&#8217;azienda come reazione alla apertura della procedura di mobilit\u00e0, relativa a 27 lavoratori tra dirigenti, quadri ed impiegati, appartenenti agli Informatori Scientifici del Farmaco, facenti capo alla sede di Campoverde di Aprilia e considerati come esubero strutturale.<\/p>\n<p style=\"text-align: justify;\">L&#8217;Abbvie srl, nata dalla scissione con Abbott srl nel 2012, \u00e8 un&#8217;azienda Biofarmaceutica impegnata in settori importanti che spaziano dall&#8217;immunologia alla virologia, dalla nefrologia all&#8217;anestesia con una forte presenza nel campo dell&#8217;epatite C. Attualmente i lavoratori occupati su tutto il territorio nazionale sono oltre 1300, con attivit\u00e0 svolte nelle sede di Campoverde e Rovereto.<\/p>\n<p style=\"text-align: justify;\">Una riduzione di personale dovuta, secondo quanto dichiarato dall&#8217;azienda, sia alla scadenza dei brevetti di alcuni medicinali che ha determinato pesanti riduzioni dei profitti, sia ai radicali interventi di razionalizzazione e tagli nel Servizio Sanitario Nazionale.<\/p>\n<p style=\"text-align: justify;\">&#8220;Questo \u00e8 l&#8217;ennesimo attacco portato agli Informatori Scientifici del Farmaco, una categoria che, negli ultimi anni, \u00e8 stata devastata dalle politiche di riduzione del personale da parte delle aziende che, sempre meno, intendono avvalersi di professionalit\u00e0 di questo tipo &#8211; commenta Roberto Cecere Segretario Generale della Femca Cisl di Latina &#8211; Noi andremo avanti consapevoli che per chiudere l&#8217;intesa occorreranno risorse economiche importanti che l&#8217;azienda dovr\u00e0 mettere sul piatto della trattativa. E&#8217; indispensabile che AbbVie assuma le proprie responsabilit\u00e0. Siamo convinti che la leva delle 16 ore di sciopero sar\u00e0 utile per il sostegno alla trattativa&#8221;.<\/p>\n<p style=\"text-align: justify;\">\n","protected":false},"excerpt":{"rendered":"<p>APRILIA &#8211;\u00a0Un pacchetto di 16 ore di sciopero \u00e8 stato deciso questa mattina dall&#8217;assemblea dei dipendenti della AbbVie srl tenutasi a Milano. E&#8217; questa la prima, dura, risposta che sindacati e lavoratori hanno dato all&#8217;azienda come reazione alla apertura della procedura di mobilit\u00e0, relativa a 27 lavoratori tra dirigenti, quadri ed impiegati, appartenenti agli Informatori [&hellip;]<\/p>\n","protected":false},"author":60,"featured_media":153489,"comment_status":"open","ping_status":"closed","sticky":false,"template":"","format":"standard","meta":{"footnotes":""},"categories":[11],"tags":[],"class_list":["post-169578","post","type-post","status-publish","format-standard","has-post-thumbnail","hentry","category-economia"],"_links":{"self":[{"href":"https:\/\/www.radioluna.it\/news\/wp-json\/wp\/v2\/posts\/169578","targetHints":{"allow":["GET"]}}],"collection":[{"href":"https:\/\/www.radioluna.it\/news\/wp-json\/wp\/v2\/posts"}],"about":[{"href":"https:\/\/www.radioluna.it\/news\/wp-json\/wp\/v2\/types\/post"}],"author":[{"embeddable":true,"href":"https:\/\/www.radioluna.it\/news\/wp-json\/wp\/v2\/users\/60"}],"replies":[{"embeddable":true,"href":"https:\/\/www.radioluna.it\/news\/wp-json\/wp\/v2\/comments?post=169578"}],"version-history":[{"count":0,"href":"https:\/\/www.radioluna.it\/news\/wp-json\/wp\/v2\/posts\/169578\/revisions"}],"wp:featuredmedia":[{"embeddable":true,"href":"https:\/\/www.radioluna.it\/news\/wp-json\/wp\/v2\/media\/153489"}],"wp:attachment":[{"href":"https:\/\/www.radioluna.it\/news\/wp-json\/wp\/v2\/media?parent=169578"}],"wp:term":[{"taxonomy":"category","embeddable":true,"href":"https:\/\/www.radioluna.it\/news\/wp-json\/wp\/v2\/categories?post=169578"},{"taxonomy":"post_tag","embeddable":true,"href":"https:\/\/www.radioluna.it\/news\/wp-json\/wp\/v2\/tags?post=169578"}],"curies":[{"name":"wp","href":"https:\/\/api.w.org\/{rel}","templated":true}]}}