{"id":169611,"date":"2015-10-13T19:39:38","date_gmt":"2015-10-13T17:39:38","guid":{"rendered":"http:\/\/www.radioluna.it\/news\/?p=169611"},"modified":"2015-10-13T19:39:38","modified_gmt":"2015-10-13T17:39:38","slug":"latina-ambiente-in-forse-gli-stipendi-di-ottobre","status":"publish","type":"post","link":"https:\/\/www.radioluna.it\/news\/2015\/10\/latina-ambiente-in-forse-gli-stipendi-di-ottobre\/","title":{"rendered":"Latina Ambiente, in forse gli stipendi di ottobre"},"content":{"rendered":"<div id=\"fb-root\"><\/div>\n<div id=\"attachment_163407\" style=\"width: 645px\" class=\"wp-caption aligncenter\"><a href=\"http:\/\/www.radioluna.it\/news\/wp-content\/uploads\/2015\/04\/latina-ambiente-sotto-il-Comune.jpg\"><img loading=\"lazy\" decoding=\"async\" aria-describedby=\"caption-attachment-163407\" class=\"size-thumbnail wp-image-163407\" src=\"http:\/\/www.radioluna.it\/news\/wp-content\/uploads\/2015\/04\/latina-ambiente-sotto-il-Comune-635x474.jpg\" alt=\"La protesta sotto il Comune\" width=\"635\" height=\"474\" srcset=\"https:\/\/www.radioluna.it\/news\/wp-content\/uploads\/2015\/04\/latina-ambiente-sotto-il-Comune-635x474.jpg 635w, https:\/\/www.radioluna.it\/news\/wp-content\/uploads\/2015\/04\/latina-ambiente-sotto-il-Comune-768x574.jpg 768w, https:\/\/www.radioluna.it\/news\/wp-content\/uploads\/2015\/04\/latina-ambiente-sotto-il-Comune-500x373.jpg 500w, https:\/\/www.radioluna.it\/news\/wp-content\/uploads\/2015\/04\/latina-ambiente-sotto-il-Comune-300x224.jpg 300w, https:\/\/www.radioluna.it\/news\/wp-content\/uploads\/2015\/04\/latina-ambiente-sotto-il-Comune-1024x765.jpg 1024w, https:\/\/www.radioluna.it\/news\/wp-content\/uploads\/2015\/04\/latina-ambiente-sotto-il-Comune-800x598.jpg 800w, https:\/\/www.radioluna.it\/news\/wp-content\/uploads\/2015\/04\/latina-ambiente-sotto-il-Comune.jpg 1000w\" sizes=\"auto, (max-width: 635px) 100vw, 635px\" \/><\/a><p id=\"caption-attachment-163407\" class=\"wp-caption-text\">La protesta sotto il Comune<\/p><\/div>\n<p style=\"text-align: justify;\"><strong>LATINA &#8211;<\/strong>\u00a0I\u00a0dipendenti della Latina Ambiente rischiano di non vedersi pagare gli stipendi del prossimo 15 ottobre, perch\u00e9 un decreto ingiuntivo, giunto nel frattempo alla societ\u00e0, ha causato una sofferenza di cassa.\u00a0A lanciare l&#8217;allarme \u00e8 la Fit Cisl di Latina, preoccupata per le voci in tal senso che si stanno facendo sempre pi\u00f9 pressanti, man mano ci si avvicina alla data di distribuzione della busta paga.<\/p>\n<p style=\"text-align: justify;\">Dalla decisione del Consiglio comunale dello scorso maggio che decise l&#8217;esternalizzazione del servizio e della gara europea per l&#8217;affidamento del nuovo appalto, alla caduta della giunta Di Giorgi, all&#8217;arrivo del commissario prefettizio, alla dimissioni del CdA, ai continui rinvii per la nomina dei nuovi vertici, le sorti della Latina Ambiente e dei lavoratori sono diventate sempre pi\u00f9 instabili. &#8220;Una serie di fatti che hanno portato la societ\u00e0 sull&#8217;orlo del fallimento, e creato notevoli preoccupazioni tra i lavoratori, considerando come una ottantina di loro siano precari da 7-8 anni alle dipendenze di ditte interinali, e che vedono il loro futuro sempre pi\u00f9 minacciato &#8211; commenta Roberto Cecere correggente della Cisl di Latina che, con la segreteria territoriale della Fit Cisl, sta seguendo la vertenza di Latina Ambiente &#8211; \u00a0Siamo di fronte all&#8217;ennesimo attacco agli interessi dei lavoratori e delle loro famiglie, il mancato pagamento dello stipendio di ottobre sarebbe un pessimo segnale anche nei confronti della citt\u00e0. Confidiamo che Quattrociocchi, Presidente del Collegio Sindacale e Albertini, sub commissario prefettizio al comune di Latina, sappiano fare chiarezza nella vicenda e non permettere questa grave ingiustizia verso i lavoratori. Da parte nostra, come abbiamo spiegato pi\u00f9 volte, vigileremo attentamente perch\u00e8 non siano i dipendenti, come \u00e8 accaduto fino ad oggi, a pagare per colpe che non hanno minimamente&#8221;.<\/p>\n<p style=\"text-align: justify;\">Il prossimo 21 ottobre potrebbe essere eletto il nuovo Consiglio di Amministrazione della Latina Ambiente che decider\u00e0 il futuro della societ\u00e0.<\/p>\n","protected":false},"excerpt":{"rendered":"<p>LATINA &#8211;\u00a0I\u00a0dipendenti della Latina Ambiente rischiano di non vedersi pagare gli stipendi del prossimo 15 ottobre, perch\u00e9 un decreto ingiuntivo, giunto nel frattempo alla societ\u00e0, ha causato una sofferenza di cassa.\u00a0A lanciare l&#8217;allarme \u00e8 la Fit Cisl di Latina, preoccupata per le voci in tal senso che si stanno facendo sempre pi\u00f9 pressanti, man mano [&hellip;]<\/p>\n","protected":false},"author":60,"featured_media":163407,"comment_status":"open","ping_status":"closed","sticky":false,"template":"","format":"standard","meta":{"footnotes":""},"categories":[11],"tags":[],"class_list":["post-169611","post","type-post","status-publish","format-standard","has-post-thumbnail","hentry","category-economia"],"_links":{"self":[{"href":"https:\/\/www.radioluna.it\/news\/wp-json\/wp\/v2\/posts\/169611","targetHints":{"allow":["GET"]}}],"collection":[{"href":"https:\/\/www.radioluna.it\/news\/wp-json\/wp\/v2\/posts"}],"about":[{"href":"https:\/\/www.radioluna.it\/news\/wp-json\/wp\/v2\/types\/post"}],"author":[{"embeddable":true,"href":"https:\/\/www.radioluna.it\/news\/wp-json\/wp\/v2\/users\/60"}],"replies":[{"embeddable":true,"href":"https:\/\/www.radioluna.it\/news\/wp-json\/wp\/v2\/comments?post=169611"}],"version-history":[{"count":0,"href":"https:\/\/www.radioluna.it\/news\/wp-json\/wp\/v2\/posts\/169611\/revisions"}],"wp:featuredmedia":[{"embeddable":true,"href":"https:\/\/www.radioluna.it\/news\/wp-json\/wp\/v2\/media\/163407"}],"wp:attachment":[{"href":"https:\/\/www.radioluna.it\/news\/wp-json\/wp\/v2\/media?parent=169611"}],"wp:term":[{"taxonomy":"category","embeddable":true,"href":"https:\/\/www.radioluna.it\/news\/wp-json\/wp\/v2\/categories?post=169611"},{"taxonomy":"post_tag","embeddable":true,"href":"https:\/\/www.radioluna.it\/news\/wp-json\/wp\/v2\/tags?post=169611"}],"curies":[{"name":"wp","href":"https:\/\/api.w.org\/{rel}","templated":true}]}}