{"id":169618,"date":"2015-10-13T20:15:44","date_gmt":"2015-10-13T18:15:44","guid":{"rendered":"http:\/\/www.radioluna.it\/news\/?p=169618"},"modified":"2015-10-13T20:15:44","modified_gmt":"2015-10-13T18:15:44","slug":"lente-rimane-nei-due-consorzi-industriali-del-nord-e-del-sud-pontino","status":"publish","type":"post","link":"https:\/\/www.radioluna.it\/news\/2015\/10\/lente-rimane-nei-due-consorzi-industriali-del-nord-e-del-sud-pontino\/","title":{"rendered":"L&#8217;Ente rimane nei due Consorzi Industriali del nord e del sud pontino"},"content":{"rendered":"<div id=\"fb-root\"><\/div>\n<p style=\"text-align: justify;\"><a href=\"http:\/\/www.radioluna.it\/news\/wp-content\/uploads\/2014\/09\/Provincia1.jpg\"><img loading=\"lazy\" decoding=\"async\" class=\"aligncenter size-thumbnail wp-image-155735\" src=\"http:\/\/www.radioluna.it\/news\/wp-content\/uploads\/2014\/09\/Provincia1-635x476.jpg\" alt=\"Provincia1\" width=\"635\" height=\"476\" srcset=\"https:\/\/www.radioluna.it\/news\/wp-content\/uploads\/2014\/09\/Provincia1-635x476.jpg 635w, https:\/\/www.radioluna.it\/news\/wp-content\/uploads\/2014\/09\/Provincia1-768x576.jpg 768w, https:\/\/www.radioluna.it\/news\/wp-content\/uploads\/2014\/09\/Provincia1-500x375.jpg 500w, https:\/\/www.radioluna.it\/news\/wp-content\/uploads\/2014\/09\/Provincia1-300x225.jpg 300w, https:\/\/www.radioluna.it\/news\/wp-content\/uploads\/2014\/09\/Provincia1-1024x768.jpg 1024w, https:\/\/www.radioluna.it\/news\/wp-content\/uploads\/2014\/09\/Provincia1-800x600.jpg 800w, https:\/\/www.radioluna.it\/news\/wp-content\/uploads\/2014\/09\/Provincia1.jpg 1000w\" sizes=\"auto, (max-width: 635px) 100vw, 635px\" \/><\/a><strong>LATINA<\/strong> &#8211; Via libera da parte del Consiglio provinciale alla permanenza dell\u2019ente di via Costa nei due Consorzi Industriali del nord e del sud pontino. La proposta, portata in Consiglio dal presidente della Provincia Eleonora Della Penna, a seguito di una precedente riunione con i capigruppo consiliari, \u00e8 stata votata all\u2019unanimit\u00e0.<\/p>\n<p style=\"text-align: justify;\">Il Consiglio ha confermato, sempre con voto unanime, la volont\u00e0 di rimanere anche all\u2019interno della Film Commission che, nell\u2019ambito della riorganizzazione dell\u2019ente, verr\u00e0 concepita come una Fondazione a servizio dei Comuni attraverso un apposito protocollo di intesa. Alla Provincia spetter\u00e0 il compito di supportare dal punto di vista logistico questo organismo che verr\u00e0 messo a disposizione delle amministrazioni del territorio come un \u201cmezzo straordinario di promozione della nostra provincia \u2013 ha affermato Della Penna -, e uno strumento che, come \u00e8 stato dimostrato anche negli ultimi mesi con le numerose produzioni televisive che questo territorio ha ospitato, che fa muovere l\u2019economia attraverso produzioni che sempre pi\u00f9 hanno bisogno di supporto logistico, tecnico e di ospitalit\u00e0\u201d.<\/p>\n<p style=\"text-align: justify;\">Votata, sempre all\u2019unanimit\u00e0, anche la variazione di bilancio di oltre 925mila euro che consentir\u00e0 all\u2019ente (grazie ad un intervento della Regione Lazio pari a 592mila euro e statale pari a 333.502,00 Euro) di confermare anche per questo anno scolastico l\u2019assistenza specialistica e di istruzione negli istituti superiori rivolta ad alunni con difficolt\u00e0 fisiche o sensoriali e portando cos\u00ec l\u2019impegno complessivo dell\u2019ente per questo importante capitolo di spesa ad oltre 1 milione 455mila euro.<\/p>\n<p style=\"text-align: justify;\">Il Consiglio ha inoltre provveduto ad istituire le Commissioni consiliari. Oltre alla Conferenza dei capigruppo, presieduta dal presidente della Provincia, sono state istituite: Commissione Trasparenza (Tombolillo, Accetta, Trani, Carturan, Forte); Commissione Lavori pubblici ed Attivit\u00e0 tecniche (Tombolillo, Accetta, Mastrantoni, Carturan, Forte); Commissione Sviluppo e tutela del territorio (Bartolomeo, De Meo, Mastrantoni, Carturan, Forte); Commissione Programmazione, Statuto e regolamenti (Giovannini, Pacione, Trani, Carturan, Forte).<\/p>\n","protected":false},"excerpt":{"rendered":"<p>LATINA &#8211; Via libera da parte del Consiglio provinciale alla permanenza dell\u2019ente di via Costa nei due Consorzi Industriali del nord e del sud pontino. La proposta, portata in Consiglio dal presidente della Provincia Eleonora Della Penna, a seguito di una precedente riunione con i capigruppo consiliari, \u00e8 stata votata all\u2019unanimit\u00e0. Il Consiglio ha confermato, [&hellip;]<\/p>\n","protected":false},"author":60,"featured_media":155735,"comment_status":"open","ping_status":"closed","sticky":false,"template":"","format":"standard","meta":{"footnotes":""},"categories":[8],"tags":[],"class_list":["post-169618","post","type-post","status-publish","format-standard","has-post-thumbnail","hentry","category-politica"],"_links":{"self":[{"href":"https:\/\/www.radioluna.it\/news\/wp-json\/wp\/v2\/posts\/169618","targetHints":{"allow":["GET"]}}],"collection":[{"href":"https:\/\/www.radioluna.it\/news\/wp-json\/wp\/v2\/posts"}],"about":[{"href":"https:\/\/www.radioluna.it\/news\/wp-json\/wp\/v2\/types\/post"}],"author":[{"embeddable":true,"href":"https:\/\/www.radioluna.it\/news\/wp-json\/wp\/v2\/users\/60"}],"replies":[{"embeddable":true,"href":"https:\/\/www.radioluna.it\/news\/wp-json\/wp\/v2\/comments?post=169618"}],"version-history":[{"count":0,"href":"https:\/\/www.radioluna.it\/news\/wp-json\/wp\/v2\/posts\/169618\/revisions"}],"wp:featuredmedia":[{"embeddable":true,"href":"https:\/\/www.radioluna.it\/news\/wp-json\/wp\/v2\/media\/155735"}],"wp:attachment":[{"href":"https:\/\/www.radioluna.it\/news\/wp-json\/wp\/v2\/media?parent=169618"}],"wp:term":[{"taxonomy":"category","embeddable":true,"href":"https:\/\/www.radioluna.it\/news\/wp-json\/wp\/v2\/categories?post=169618"},{"taxonomy":"post_tag","embeddable":true,"href":"https:\/\/www.radioluna.it\/news\/wp-json\/wp\/v2\/tags?post=169618"}],"curies":[{"name":"wp","href":"https:\/\/api.w.org\/{rel}","templated":true}]}}