{"id":169655,"date":"2015-10-14T20:51:46","date_gmt":"2015-10-14T18:51:46","guid":{"rendered":"http:\/\/www.radioluna.it\/news\/?p=169655"},"modified":"2015-10-16T10:53:07","modified_gmt":"2015-10-16T08:53:07","slug":"interrogatori-in-carcere-parla-nathan-altomare-i-furti-ho-venuto-una-bmw-ai-romeni-hanno-fatto-tutto-loro","status":"publish","type":"post","link":"https:\/\/www.radioluna.it\/news\/2015\/10\/interrogatori-in-carcere-parla-nathan-altomare-i-furti-ho-venuto-una-bmw-ai-romeni-hanno-fatto-tutto-loro\/","title":{"rendered":"Seconda giornata di interrogatori, Tuma, Travali &#038; Co. in silenzio"},"content":{"rendered":"<div id=\"fb-root\"><\/div>\n<div id=\"attachment_169601\" style=\"width: 645px\" class=\"wp-caption aligncenter\"><a href=\"http:\/\/www.radioluna.it\/news\/wp-content\/uploads\/2015\/10\/cario.jpg\"><img loading=\"lazy\" decoding=\"async\" aria-describedby=\"caption-attachment-169601\" class=\"size-thumbnail wp-image-169601\" src=\"http:\/\/www.radioluna.it\/news\/wp-content\/uploads\/2015\/10\/cario-635x476.jpg\" alt=\"Il gip di Latina Giuseppe Cario\" width=\"635\" height=\"476\" srcset=\"https:\/\/www.radioluna.it\/news\/wp-content\/uploads\/2015\/10\/cario-635x476.jpg 635w, https:\/\/www.radioluna.it\/news\/wp-content\/uploads\/2015\/10\/cario-768x576.jpg 768w, https:\/\/www.radioluna.it\/news\/wp-content\/uploads\/2015\/10\/cario-500x375.jpg 500w, https:\/\/www.radioluna.it\/news\/wp-content\/uploads\/2015\/10\/cario-300x225.jpg 300w, https:\/\/www.radioluna.it\/news\/wp-content\/uploads\/2015\/10\/cario-1024x768.jpg 1024w, https:\/\/www.radioluna.it\/news\/wp-content\/uploads\/2015\/10\/cario-800x600.jpg 800w, https:\/\/www.radioluna.it\/news\/wp-content\/uploads\/2015\/10\/cario.jpg 1000w\" sizes=\"auto, (max-width: 635px) 100vw, 635px\" \/><\/a><p id=\"caption-attachment-169601\" class=\"wp-caption-text\">Il gip di Latina Giuseppe Cario<\/p><\/div>\n<p style=\"text-align: justify;\"><strong>LATINA<\/strong> &#8211; \u00a0Seconda giornata di interrogatori \u00a0nel carcere di Latina stavolta per gli arrestati dell&#8217;operazione Don&#8217;t Touch condotta dalla Squadra Mobile. Si sono avvalsi della facolt\u00e0 di non rispondere Gianluca Tuma, Giuseppe e Angelo Travali, Francesco Viola e poi Fabio Bortolin, Riccardo Pasini e Dario Gabrielli, l&#8217;unico a parlare \u00e8 stato Ionel Caldararu che ha respinto gli addebiti relativi ai furti in alcune ville del capoluogo commissionati da Natan Altomare. Oggi si andr\u00e0 avanti con gli interrogatori degli altri indagati, tra cui un ex agente della Squadra Mobile e due carabinieri accusati di aver fornito notizie riservate ad alcuni degli indagati.<\/p>\n<p style=\"text-align: justify;\">IL PRIMO ROUND A VELLETRI &#8211; Anche nella prima giornata si sono quasi tutti avvalsi della facolt\u00e0 di non rispondere gli indagati in carcere, tranne Nathan Altomare. Davanti al gip Giuseppe Cario che ha emesso la misura cautelare, e ai pubblici ministeri Luigia Spinelli e Claudio De Lazzaro che hanno coordinato l&#8217;inchiesta, Altomare ha provato ad accusare i quattro romeni finiti anche loro in manette nel blitz della Mobile scattato luned\u00ec dopo un anno di indagini.<\/p>\n<p style=\"text-align: justify;\">Il faccendiere, che negli anni ha provato a strappare una poltrona alla Asl, che di recente voleva sedere \u00a0nel nuovo cda di Acqualatina e che aspirava addirittura a farsi candidare a sindaco del capoluogo, \u00e8 accusato di aver commissionato furti di casseforti e in villa. Gli investigatori lo hanno scoperto grazie al fatto che agli obiettivi i ladri arrivavano con una Bmwx5 nera su cui la notte del 31 dicembre era stata piazzata una cimice. Altomare ha negato le accuse e ha sostenuto che ai romeni si era limitato a vendere quel suv localizzato nei pressi \u00a0di alcune abitazioni che poi sono state svaligiate. Gli inquirenti hanno in mano le intercettazioni telefoniche in cui gli stranieri parlano dei colpi da mettere a segno a Latina e dove troverebbero secondo le indicazioni di Altomare soldi in contanti. L&#8217;indagato ha sostenuto che questa circostanza \u00e8 pura millanteria e sono delle invenzioni. E ha prodotto anche documenti per discolparsi dall&#8217;accusa di estorsione.<br \/>\nIl suo difensore ha presentato una richiesta di arresti domiciliari, stessa richiesta presentata anche da Francesco Falco che sostiene di non aver pagato i carabinieri arrestati, ma di aver fatto loro un semplice prestito.<br \/>\nSi \u00e8 avvalso della facolt\u00e0 di non rispondere, ma ha rilasciato spontanee dichiarazioni negando gli addebiti anche Antonio Neroni mentre \u00e8 rimasto in silenzio Costantino Di Silvio, conosciuto come Cha Cha e poi altri indagati che si trovano nel carcere di Velletri. Domani gli altri interrogatori a Latina.<\/p>\n","protected":false},"excerpt":{"rendered":"<p>LATINA &#8211; \u00a0Seconda giornata di interrogatori \u00a0nel carcere di Latina stavolta per gli arrestati dell&#8217;operazione Don&#8217;t Touch condotta dalla Squadra Mobile. Si sono avvalsi della facolt\u00e0 di non rispondere Gianluca Tuma, Giuseppe e Angelo Travali, Francesco Viola e poi Fabio Bortolin, Riccardo Pasini e Dario Gabrielli, l&#8217;unico a parlare \u00e8 stato Ionel Caldararu che ha [&hellip;]<\/p>\n","protected":false},"author":60,"featured_media":169601,"comment_status":"open","ping_status":"closed","sticky":false,"template":"","format":"standard","meta":{"footnotes":""},"categories":[7],"tags":[],"class_list":["post-169655","post","type-post","status-publish","format-standard","has-post-thumbnail","hentry","category-cronaca"],"_links":{"self":[{"href":"https:\/\/www.radioluna.it\/news\/wp-json\/wp\/v2\/posts\/169655","targetHints":{"allow":["GET"]}}],"collection":[{"href":"https:\/\/www.radioluna.it\/news\/wp-json\/wp\/v2\/posts"}],"about":[{"href":"https:\/\/www.radioluna.it\/news\/wp-json\/wp\/v2\/types\/post"}],"author":[{"embeddable":true,"href":"https:\/\/www.radioluna.it\/news\/wp-json\/wp\/v2\/users\/60"}],"replies":[{"embeddable":true,"href":"https:\/\/www.radioluna.it\/news\/wp-json\/wp\/v2\/comments?post=169655"}],"version-history":[{"count":0,"href":"https:\/\/www.radioluna.it\/news\/wp-json\/wp\/v2\/posts\/169655\/revisions"}],"wp:featuredmedia":[{"embeddable":true,"href":"https:\/\/www.radioluna.it\/news\/wp-json\/wp\/v2\/media\/169601"}],"wp:attachment":[{"href":"https:\/\/www.radioluna.it\/news\/wp-json\/wp\/v2\/media?parent=169655"}],"wp:term":[{"taxonomy":"category","embeddable":true,"href":"https:\/\/www.radioluna.it\/news\/wp-json\/wp\/v2\/categories?post=169655"},{"taxonomy":"post_tag","embeddable":true,"href":"https:\/\/www.radioluna.it\/news\/wp-json\/wp\/v2\/tags?post=169655"}],"curies":[{"name":"wp","href":"https:\/\/api.w.org\/{rel}","templated":true}]}}