{"id":169657,"date":"2015-10-14T18:34:37","date_gmt":"2015-10-14T16:34:37","guid":{"rendered":"http:\/\/www.radioluna.it\/news\/?p=169657"},"modified":"2015-10-15T11:22:14","modified_gmt":"2015-10-15T09:22:14","slug":"lora-della-legalita-dopo-gli-arresti-manifestazione-contro-la-mala-appuntamento-sabato-17","status":"publish","type":"post","link":"https:\/\/www.radioluna.it\/news\/2015\/10\/lora-della-legalita-dopo-gli-arresti-manifestazione-contro-la-mala-appuntamento-sabato-17\/","title":{"rendered":"\u202a#\u200eriprendiamocilacitt\u00e0: appuntamento sabato 17 in piazza del Popolo"},"content":{"rendered":"<div id=\"fb-root\"><\/div>\n<p style=\"text-align: justify;\"><a href=\"http:\/\/www.radioluna.it\/news\/wp-content\/uploads\/2015\/10\/lora-della-legalit\u00e0.jpg\"><img loading=\"lazy\" decoding=\"async\" class=\"aligncenter size-thumbnail wp-image-169658\" src=\"http:\/\/www.radioluna.it\/news\/wp-content\/uploads\/2015\/10\/lora-della-legalit\u00e0-635x847.jpg\" alt=\"l'ora della legalit\u00e0\" width=\"635\" height=\"847\" srcset=\"https:\/\/www.radioluna.it\/news\/wp-content\/uploads\/2015\/10\/lora-della-legalit\u00e0-635x847.jpg 635w, https:\/\/www.radioluna.it\/news\/wp-content\/uploads\/2015\/10\/lora-della-legalit\u00e0-500x667.jpg 500w, https:\/\/www.radioluna.it\/news\/wp-content\/uploads\/2015\/10\/lora-della-legalit\u00e0-225x300.jpg 225w, https:\/\/www.radioluna.it\/news\/wp-content\/uploads\/2015\/10\/lora-della-legalit\u00e0-300x400.jpg 300w, https:\/\/www.radioluna.it\/news\/wp-content\/uploads\/2015\/10\/lora-della-legalit\u00e0.jpg 720w\" sizes=\"auto, (max-width: 635px) 100vw, 635px\" \/><\/a><strong>LATINA<\/strong> &#8211; &#8220;Spostiamo le lancette \u00e8 arrivata l&#8217;ora della legalit\u00e0&#8221;. E&#8217; l&#8217;appello di un gruppo di giovani che danno appuntamento per sabato 17 Ottobre, alle \u00a018, ai \u00a0cittadini di Latina per manifestare in Piazza del Popolo, davanti al Comune. Senza bandiere, ma indossando un simbolo bianco. E&#8217; tam tam sui social. &#8220;Sabato tutti davanti al Comune. Al di l\u00e0 di ogni idea politica o credo religioso o ascendente astrale&#8221;, \u00e8 l&#8217;appello di Graziano Lanzidei che ha creato l&#8217;evento su Fb.<\/p>\n<p style=\"text-align: justify;\">&#8220;Ad ogni azione delle forze dell&#8217;ordine e della magistratura c&#8217;\u00e8 bisogno di una risposta di eguale importanza da parte della cittadinanza affinch\u00e9 il sistema di repressione delle organizzazioni criminali sia efficace. Ce l&#8217;ha insegnato Borsellino &#8211; scrive Marco Fino, studente attivo da anni con Libera &#8211; \u00a0C&#8217;\u00e8 bisogno di tutti, cos\u00ec come il 28 Novembre dello scorso anno, quando migliaia di studenti marciavano per esprimere solidariet\u00e0 al giudice Aielli e dire NO alla criminalit\u00e0. Latina deve respirare libert\u00e0, Latina non \u00e8 dei Ciarelli, dei Di Silvio, dei Tuma, dei Maietta, dei Tripodo, degli Schiavone. Latina \u00e8 degli Aielli, dei De Matteis, dei Buongiorno e di tutti coloro che operano per la legalit\u00e0 e la Giustizia. \u202a<br \/>\n&#8220;Per testimoniare il nostro sostegno agli organi inquirenti per il lavoro svolto nell&#8217;inchiesta &#8220;Don&#8217;t touch&#8221;, per testimoniare la nostra vicinanza a quei concittadini che hanno subito pressioni e minacce ed hanno avuto il coraggio di denunciare &#8211; scrive Alessandro del Franco in un post su Fb &#8211; \u00a0Perch\u00e9 noi cittadini abbiamo il dovere di testimoniare quanto questa citt\u00e0 sia stanca della deriva etica e morale che l&#8217;ha trascinata tanto in basso in questi decenni. Per questo parteciperemo tutti senza bandiere di alcun colore, ma con un simbolico fazzoletto bianco o indumento bianco, per segnare un definitivo riscatto della parte onesta di questa citt\u00e0.\u00a0Per troppo tempo siamo rimasti in silenzio e pazientemente abbiamo atteso.\u00a0Abbiamo sbagliato ed \u00e8 ora che ci riprendiamo la nostra citt\u00e0&#8221;.<\/p>\n","protected":false},"excerpt":{"rendered":"<p>LATINA &#8211; &#8220;Spostiamo le lancette \u00e8 arrivata l&#8217;ora della legalit\u00e0&#8221;. E&#8217; l&#8217;appello di un gruppo di giovani che danno appuntamento per sabato 17 Ottobre, alle \u00a018, ai \u00a0cittadini di Latina per manifestare in Piazza del Popolo, davanti al Comune. Senza bandiere, ma indossando un simbolo bianco. E&#8217; tam tam sui social. &#8220;Sabato tutti davanti al [&hellip;]<\/p>\n","protected":false},"author":62,"featured_media":169658,"comment_status":"open","ping_status":"closed","sticky":false,"template":"","format":"standard","meta":{"footnotes":""},"categories":[7],"tags":[],"class_list":["post-169657","post","type-post","status-publish","format-standard","has-post-thumbnail","hentry","category-cronaca"],"_links":{"self":[{"href":"https:\/\/www.radioluna.it\/news\/wp-json\/wp\/v2\/posts\/169657","targetHints":{"allow":["GET"]}}],"collection":[{"href":"https:\/\/www.radioluna.it\/news\/wp-json\/wp\/v2\/posts"}],"about":[{"href":"https:\/\/www.radioluna.it\/news\/wp-json\/wp\/v2\/types\/post"}],"author":[{"embeddable":true,"href":"https:\/\/www.radioluna.it\/news\/wp-json\/wp\/v2\/users\/62"}],"replies":[{"embeddable":true,"href":"https:\/\/www.radioluna.it\/news\/wp-json\/wp\/v2\/comments?post=169657"}],"version-history":[{"count":0,"href":"https:\/\/www.radioluna.it\/news\/wp-json\/wp\/v2\/posts\/169657\/revisions"}],"wp:featuredmedia":[{"embeddable":true,"href":"https:\/\/www.radioluna.it\/news\/wp-json\/wp\/v2\/media\/169658"}],"wp:attachment":[{"href":"https:\/\/www.radioluna.it\/news\/wp-json\/wp\/v2\/media?parent=169657"}],"wp:term":[{"taxonomy":"category","embeddable":true,"href":"https:\/\/www.radioluna.it\/news\/wp-json\/wp\/v2\/categories?post=169657"},{"taxonomy":"post_tag","embeddable":true,"href":"https:\/\/www.radioluna.it\/news\/wp-json\/wp\/v2\/tags?post=169657"}],"curies":[{"name":"wp","href":"https:\/\/api.w.org\/{rel}","templated":true}]}}