{"id":169662,"date":"2015-10-14T19:06:50","date_gmt":"2015-10-14T17:06:50","guid":{"rendered":"http:\/\/www.radioluna.it\/news\/?p=169662"},"modified":"2015-10-14T19:06:50","modified_gmt":"2015-10-14T17:06:50","slug":"incontro-sulla-prevenzione-e-percorsi-di-salute-a-sezze","status":"publish","type":"post","link":"https:\/\/www.radioluna.it\/news\/2015\/10\/incontro-sulla-prevenzione-e-percorsi-di-salute-a-sezze\/","title":{"rendered":"Incontro sulla prevenzione e percorsi di salute a Sezze"},"content":{"rendered":"<div id=\"fb-root\"><\/div>\n<p style=\"text-align: justify;\"><a href=\"http:\/\/www.radioluna.it\/news\/wp-content\/uploads\/2015\/10\/ottobre-rosa.jpg\"><img loading=\"lazy\" decoding=\"async\" class=\"aligncenter size-thumbnail wp-image-169663\" src=\"http:\/\/www.radioluna.it\/news\/wp-content\/uploads\/2015\/10\/ottobre-rosa-635x899.jpg\" alt=\"ottobre rosa\" width=\"635\" height=\"899\" srcset=\"https:\/\/www.radioluna.it\/news\/wp-content\/uploads\/2015\/10\/ottobre-rosa-635x899.jpg 635w, https:\/\/www.radioluna.it\/news\/wp-content\/uploads\/2015\/10\/ottobre-rosa-768x1087.jpg 768w, https:\/\/www.radioluna.it\/news\/wp-content\/uploads\/2015\/10\/ottobre-rosa-500x708.jpg 500w, https:\/\/www.radioluna.it\/news\/wp-content\/uploads\/2015\/10\/ottobre-rosa-212x300.jpg 212w, https:\/\/www.radioluna.it\/news\/wp-content\/uploads\/2015\/10\/ottobre-rosa-723x1024.jpg 723w, https:\/\/www.radioluna.it\/news\/wp-content\/uploads\/2015\/10\/ottobre-rosa-800x1133.jpg 800w, https:\/\/www.radioluna.it\/news\/wp-content\/uploads\/2015\/10\/ottobre-rosa-300x425.jpg 300w, https:\/\/www.radioluna.it\/news\/wp-content\/uploads\/2015\/10\/ottobre-rosa.jpg 1000w\" sizes=\"auto, (max-width: 635px) 100vw, 635px\" \/><\/a>LATINA &#8211;\u00a0Venerd\u00ec 16 ottobre alle 16 nell\u2019Aula Magna dell\u2019Istituto \u201cPacifici e De Magistris\u201d di Sezze in via Cappuccini, si svolger\u00e0 il secondo incontro in programma della manifestazione \u201cPer vincere insieme. Incontri informativi e percorsi di salute\u201d, una delle attivit\u00e0 organizzate in occasione dell\u2019Ottobre Rosa, mese dedicato alla prevenzione del tumore . Lo comunica l&#8217;Andos che promuove l&#8217;evento con\u00a0la ASL di Latina, la Regione Lazio e i comitati A.N.D.O.S. onlus di Latina, Aprilia, Sezze e Fondi.<br \/>\nL\u2019incontro \u00a0&#8211; spiegano &#8211; prevede la presenza dei responsabili del programma di screening della ASL di Latina: la dottoressa Paola Bellardini, coordinatrice dei programmi di screening ASL Latina, Carlo De Masi, radiologo breastunit, Fabio Ricci, chirurgo senologo, Gloria Fanelli, screening mammografico, Diego Ribuffo, chirurgo plastico e Fabio Pannozzo, epidemiologo. Sar\u00e0 presente anche il direttore generale ASL Latina Michele Caporossi.<br \/>\n&#8220;Si tratta \u00a0&#8211; dicono dall&#8217;Andos di Sezze &#8211; \u00a0di un altro passo nel percorso di sensibilizzazione alla prevenzione e supporto nei confronti delle donne che hanno sub\u00ecto un intervento al seno, in collaborazione con i vari comitati A.N.D.O.S del territorio.<\/p>\n<p style=\"text-align: justify;\">Al termine dell&#8217;incontro, l\u2019A.N.D.O.S.di Sezze inaugurer\u00e0 la nuova sede presso l\u2019Istituto \u201cPacifici e De Magistris\u201d.<\/p>\n<p style=\"text-align: justify;\">Gli indirizzi per informazioni sull\u2019associazione e sulle attivit\u00e0 da essa promosse sono:<br \/>\nhttp:\/\/www.andossezze.altervista.org, andossezze@yahoo.it, pagina face book andossezze , cell 392-3283461 .<br \/>\nInoltre si pu\u00f2 contattare il numero 340-8292381 il luned\u00ec, marted\u00ec e mercoled\u00ec dalle 16 alle 18 per lo screening mammografico dell\u2019ottobre rosa.<\/p>\n","protected":false},"excerpt":{"rendered":"<p>LATINA &#8211;\u00a0Venerd\u00ec 16 ottobre alle 16 nell\u2019Aula Magna dell\u2019Istituto \u201cPacifici e De Magistris\u201d di Sezze in via Cappuccini, si svolger\u00e0 il secondo incontro in programma della manifestazione \u201cPer vincere insieme. Incontri informativi e percorsi di salute\u201d, una delle attivit\u00e0 organizzate in occasione dell\u2019Ottobre Rosa, mese dedicato alla prevenzione del tumore . Lo comunica l&#8217;Andos che [&hellip;]<\/p>\n","protected":false},"author":62,"featured_media":169663,"comment_status":"open","ping_status":"closed","sticky":false,"template":"","format":"standard","meta":{"footnotes":""},"categories":[16,7],"tags":[],"class_list":["post-169662","post","type-post","status-publish","format-standard","has-post-thumbnail","hentry","category-appuntamenti","category-cronaca"],"_links":{"self":[{"href":"https:\/\/www.radioluna.it\/news\/wp-json\/wp\/v2\/posts\/169662","targetHints":{"allow":["GET"]}}],"collection":[{"href":"https:\/\/www.radioluna.it\/news\/wp-json\/wp\/v2\/posts"}],"about":[{"href":"https:\/\/www.radioluna.it\/news\/wp-json\/wp\/v2\/types\/post"}],"author":[{"embeddable":true,"href":"https:\/\/www.radioluna.it\/news\/wp-json\/wp\/v2\/users\/62"}],"replies":[{"embeddable":true,"href":"https:\/\/www.radioluna.it\/news\/wp-json\/wp\/v2\/comments?post=169662"}],"version-history":[{"count":0,"href":"https:\/\/www.radioluna.it\/news\/wp-json\/wp\/v2\/posts\/169662\/revisions"}],"wp:featuredmedia":[{"embeddable":true,"href":"https:\/\/www.radioluna.it\/news\/wp-json\/wp\/v2\/media\/169663"}],"wp:attachment":[{"href":"https:\/\/www.radioluna.it\/news\/wp-json\/wp\/v2\/media?parent=169662"}],"wp:term":[{"taxonomy":"category","embeddable":true,"href":"https:\/\/www.radioluna.it\/news\/wp-json\/wp\/v2\/categories?post=169662"},{"taxonomy":"post_tag","embeddable":true,"href":"https:\/\/www.radioluna.it\/news\/wp-json\/wp\/v2\/tags?post=169662"}],"curies":[{"name":"wp","href":"https:\/\/api.w.org\/{rel}","templated":true}]}}