{"id":169667,"date":"2015-10-15T09:33:54","date_gmt":"2015-10-15T07:33:54","guid":{"rendered":"http:\/\/www.radioluna.it\/news\/?p=169667"},"modified":"2015-10-15T09:33:54","modified_gmt":"2015-10-15T07:33:54","slug":"riduzione-delle-regioni-moscardelli-pd-proposta-ranucci-decaduta-ma-il-dibattito-resta-aperto","status":"publish","type":"post","link":"https:\/\/www.radioluna.it\/news\/2015\/10\/riduzione-delle-regioni-moscardelli-pd-proposta-ranucci-decaduta-ma-il-dibattito-resta-aperto\/","title":{"rendered":"Riduzione delle Regioni, Moscardelli (Pd): &#8220;Proposta Ranucci decaduta, ma il dibattito resta aperto&#8221;"},"content":{"rendered":"<div id=\"fb-root\"><\/div>\n<div id=\"attachment_169668\" style=\"width: 645px\" class=\"wp-caption aligncenter\"><a href=\"http:\/\/www.radioluna.it\/news\/wp-content\/uploads\/2015\/10\/moscardelli.jpg\"><img loading=\"lazy\" decoding=\"async\" aria-describedby=\"caption-attachment-169668\" class=\"wp-image-169668 size-thumbnail\" src=\"http:\/\/www.radioluna.it\/news\/wp-content\/uploads\/2015\/10\/moscardelli-635x429.jpg\" alt=\"\" width=\"635\" height=\"429\" srcset=\"https:\/\/www.radioluna.it\/news\/wp-content\/uploads\/2015\/10\/moscardelli-635x429.jpg 635w, https:\/\/www.radioluna.it\/news\/wp-content\/uploads\/2015\/10\/moscardelli-768x519.jpg 768w, https:\/\/www.radioluna.it\/news\/wp-content\/uploads\/2015\/10\/moscardelli-500x338.jpg 500w, https:\/\/www.radioluna.it\/news\/wp-content\/uploads\/2015\/10\/moscardelli-300x203.jpg 300w, https:\/\/www.radioluna.it\/news\/wp-content\/uploads\/2015\/10\/moscardelli-800x541.jpg 800w, https:\/\/www.radioluna.it\/news\/wp-content\/uploads\/2015\/10\/moscardelli.jpg 960w\" sizes=\"auto, (max-width: 635px) 100vw, 635px\" \/><\/a><p id=\"caption-attachment-169668\" class=\"wp-caption-text\">(foto Contino)<\/p><\/div>\n<p style=\"text-align: justify;\"><strong>LATINA<\/strong> -Il senatore del Pd Claudio Moscardelli boccia la proposta di legge di Riordino delle Regioni firmata alcuni mesi fa dai suoi compagni di partito: &#8220;Si basa su proposte opinabili e su una \u00a0vecchia visione di Roma&#8221;, spiega. Una proposta secondo la quale Roma e la sua area metropolitana farebbero regione a s\u00e9, mentre Latina e Frosinone sarebbero accorpate alla Campania nella nuova regione Tirrenica.<\/p>\n<p style=\"text-align: justify;\"><strong>L&#8217;INTERVENTO<\/strong> &#8211; &#8220;La questione della riduzione delle regioni e&#8217; balzata all&#8217;attenzione dell&#8217;opinione pubblica \u00a0&#8211; ricorda Moscardelli &#8211; prima con la proposta di legge Morassut \/ Ranucci e poi con l&#8217;odg Ranucci presentato in Senato in fase di approvazione della riforma costituzionale. In realt\u00e0 l&#8217;odg riformulato su richiesta del Governo si limita ad invitare a valutare l&#8217;opportunit\u00e0 di ridurre le regioni senza pi\u00f9 riferimento all&#8217;attuale riforma, che non conterr\u00e0 dunque norme sul tema. Tuttavia la questione rimane oggetto di confronto e rispetto ad alcune spinte provenienti dalle regioni del nord occorre sviluppare iniziative e proposte anzich\u00e9 subire.<\/p>\n<p style=\"text-align: justify;\">Criticando il disegno di legge costituzionale presentato alcuni mesi fa L&#8217;esponente del Pd sottolinea che \u00a0&#8220;oltre a ridurre le regioni con proposte opinabili si pone l&#8217;obiettivo forse l&#8217;unico per i proponenti di rendere autonoma Roma \u00e8 la sua area metropolitana dal resto del Lazio prevedendone lo smembramento. Ricalca una vecchia visione di Roma e del modello Roma, con una riproposizione che non valorizza Roma, anzi riduce le potenzialit\u00e0&#8221;.<\/p>\n<p style=\"text-align: justify;\">Partendo dal dato di fatto che il Lazio e&#8217; la seconda regione d&#8217;Italia dopo la Lombardia per produzione di ricchezza e che Latina e Frosinone rappresentano sistemi economici importanti a partire dall&#8217;industria con il primo e il secondo polo chimico farmaceutico d&#8217;Italia, con la Fiat di Cassino, con Latina che rappresenta una delle prime 10 economie agricole in Italia, Moscardelli ritiene che &#8220;il percorso pi\u00f9 razionale e lungimirante e&#8217; pensare ad una aggregazione di realt\u00e0 regionali con il Lazio in un&#8217;ottica di riduzione delle Regioni. Le esigenze peculiari di Roma e della sua area metropolitana trovano risposta nella legge ordinaria che pu\u00f2 attribuire funzioni e poteri specifici per la Capitale. Un&#8217;altra priorit\u00e0 sono gli enti di area vasta per colmare il vuoto creatosi con la soppressione delle Province. Un errore in quanto sarebbe stato necessario dimagrire le Regioni trasferendo gli aspetti di gestione che le appesantiscono lasciando a loro la funzione legislativa e gli atti di indirizzo e programmazione. Non \u00e8 accettabile che fuori dalle aree metropolitane non vi sia alcuna dotazione istituzionale che programmi e promuova lo sviluppo dei territori lasciano solo i comuni o le loro unioni essendo per la maggior parte inferiori ai 5 mila abitanti&#8221;.<\/p>\n","protected":false},"excerpt":{"rendered":"<p>LATINA -Il senatore del Pd Claudio Moscardelli boccia la proposta di legge di Riordino delle Regioni firmata alcuni mesi fa dai suoi compagni di partito: &#8220;Si basa su proposte opinabili e su una \u00a0vecchia visione di Roma&#8221;, spiega. Una proposta secondo la quale Roma e la sua area metropolitana farebbero regione a s\u00e9, mentre Latina [&hellip;]<\/p>\n","protected":false},"author":62,"featured_media":169668,"comment_status":"open","ping_status":"closed","sticky":false,"template":"","format":"standard","meta":{"footnotes":""},"categories":[8],"tags":[],"class_list":["post-169667","post","type-post","status-publish","format-standard","has-post-thumbnail","hentry","category-politica"],"_links":{"self":[{"href":"https:\/\/www.radioluna.it\/news\/wp-json\/wp\/v2\/posts\/169667","targetHints":{"allow":["GET"]}}],"collection":[{"href":"https:\/\/www.radioluna.it\/news\/wp-json\/wp\/v2\/posts"}],"about":[{"href":"https:\/\/www.radioluna.it\/news\/wp-json\/wp\/v2\/types\/post"}],"author":[{"embeddable":true,"href":"https:\/\/www.radioluna.it\/news\/wp-json\/wp\/v2\/users\/62"}],"replies":[{"embeddable":true,"href":"https:\/\/www.radioluna.it\/news\/wp-json\/wp\/v2\/comments?post=169667"}],"version-history":[{"count":0,"href":"https:\/\/www.radioluna.it\/news\/wp-json\/wp\/v2\/posts\/169667\/revisions"}],"wp:featuredmedia":[{"embeddable":true,"href":"https:\/\/www.radioluna.it\/news\/wp-json\/wp\/v2\/media\/169668"}],"wp:attachment":[{"href":"https:\/\/www.radioluna.it\/news\/wp-json\/wp\/v2\/media?parent=169667"}],"wp:term":[{"taxonomy":"category","embeddable":true,"href":"https:\/\/www.radioluna.it\/news\/wp-json\/wp\/v2\/categories?post=169667"},{"taxonomy":"post_tag","embeddable":true,"href":"https:\/\/www.radioluna.it\/news\/wp-json\/wp\/v2\/tags?post=169667"}],"curies":[{"name":"wp","href":"https:\/\/api.w.org\/{rel}","templated":true}]}}