{"id":169698,"date":"2015-10-16T10:10:45","date_gmt":"2015-10-16T08:10:45","guid":{"rendered":"http:\/\/www.radioluna.it\/news\/?p=169698"},"modified":"2015-10-17T07:29:27","modified_gmt":"2015-10-17T05:29:27","slug":"niglio-promosso-e-trasferito-linvestigatore-di-dont-touch-lascia-latina","status":"publish","type":"post","link":"https:\/\/www.radioluna.it\/news\/2015\/10\/niglio-promosso-e-trasferito-linvestigatore-di-dont-touch-lascia-latina\/","title":{"rendered":"Niglio promosso e trasferito: l&#8217;investigatore di Don&#8217;t Touch lascia Latina"},"content":{"rendered":"<div id=\"fb-root\"><\/div>\n<div id=\"attachment_169561\" style=\"width: 511px\" class=\"wp-caption aligncenter\"><a href=\"http:\/\/www.radioluna.it\/news\/wp-content\/uploads\/2015\/10\/niglio-per-prima-pagina.jpg\"><img loading=\"lazy\" decoding=\"async\" aria-describedby=\"caption-attachment-169561\" class=\"size-full wp-image-169561\" src=\"http:\/\/www.radioluna.it\/news\/wp-content\/uploads\/2015\/10\/niglio-per-prima-pagina.jpg\" alt=\"Il dirigente della squadra Mobile Tommaso Niglio \" width=\"501\" height=\"287\" srcset=\"https:\/\/www.radioluna.it\/news\/wp-content\/uploads\/2015\/10\/niglio-per-prima-pagina.jpg 501w, https:\/\/www.radioluna.it\/news\/wp-content\/uploads\/2015\/10\/niglio-per-prima-pagina-500x286.jpg 500w, https:\/\/www.radioluna.it\/news\/wp-content\/uploads\/2015\/10\/niglio-per-prima-pagina-300x172.jpg 300w\" sizes=\"auto, (max-width: 501px) 100vw, 501px\" \/><\/a><p id=\"caption-attachment-169561\" class=\"wp-caption-text\">Il dirigente della squadra Mobile Tommaso Niglio<\/p><\/div>\n<p style=\"text-align: justify;\"><strong>LATINA<\/strong> &#8211; Arriva una promozione-lampo per il dirigente della squadra mobile di Latina Tommaso Niglio. L&#8217;investigatore pi\u00f9 citato in questi giorni dopo l&#8217;operazione che ha portato in carcere Cha Cha, Tuma e atre 22 persone accusate di aver formato una pericolosa associazione per delinquere capace di reinvestire in attivit\u00e0 lecite i profitti derivanti da reati di ogni genere, lascia Latina.\u00a0Niglio non seguir\u00e0 pi\u00f9 gli sviluppi dell&#8217;inchiesta che lo ha impegnato pi\u00f9 di un anno, dopo la gambizzazione del tabaccaio Marco Urbani e che punterebbe a scoperchiare l&#8217;intero sistema degli affari della malavita pontina e i contatti con un livello superiore. Due anni di intenso lavoro a Latina sono stati sufficienti per convincere il Ministero a promuoverlo e ad assegnargli una nuova sede, pi\u00f9 importante di quella attuale, a Salerno. Un passaggio che lo candida a un importante e meritato avanzamento di carriera. Peccato che il capoluogo pontino resti orfano troppo presto di una delle menti degli arresti di questi giorni.<\/p>\n<p style=\"text-align: justify;\">Assumer\u00e0 la direzione della Squadra Mobile di Latina dal 2 novembre prossimo il Vice Questore Aggiunto della Polizia di Stato Antonio Galante, proveniente dalla Direzione Investigativa Antimafia di Salerno. Mentre\u00a0Niglio assumer\u00e0 l\u2019incarico di Dirigente della Squadra Mobile della Questura di Salerno.<\/p>\n<p style=\"text-align: justify;\">Galante, classe \u201974, gi\u00e0 dirigente della Squadra Mobile della Questura di Ravenna, ha diretto il Commissariato di San Giorgio a Cremano e quello di Sorrento.\u00a0Presso la Sezione Operativa della DIA di Salerno, ha coordinato una squadra interforze di sottufficiali, dedicandosi ad indagini ed attivit\u00e0 finalizzate a ricostruire le consistenze patrimoniali ed i flussi economici dei gruppi malavitosi, in particolare camorristici, operanti in Salerno e Provincia.<br \/>\nFunzionario responsabile del Gruppo Indagini Preventive, \u00e8 membro effettivo del Gruppo Ispettivo Antimafia e del Gruppo Interforze istituiti presso la Prefettura di Salerno.<\/p>\n<p style=\"text-align: justify;\">\n<div class=\"radio-posizionamento-telefono-in-articoli-dopo-il-contenuto-articolo radio-entity-placement\" id=\"radio-46359321\"><div id=\"radio-3202285127\" style=\"width: 300px;height: 250px;\"><a href=\"https:\/\/www.icarspa.it\/auto\/usate\/latina\/\" aria-label=\"banner aprile icar new life &#8211; auto usate latina\"><img loading=\"lazy\" decoding=\"async\" src=\"https:\/\/www.radioluna.it\/news\/wp-content\/uploads\/2026\/02\/banner-aprile-icar-new-life-auto-usate-latina.gif\" alt=\"\"  width=\"300\" height=\"250\"   \/><\/a><\/div><\/div>","protected":false},"excerpt":{"rendered":"<p>LATINA &#8211; Arriva una promozione-lampo per il dirigente della squadra mobile di Latina Tommaso Niglio. L&#8217;investigatore pi\u00f9 citato in questi giorni dopo l&#8217;operazione che ha portato in carcere Cha Cha, Tuma e atre 22 persone accusate di aver formato una pericolosa associazione per delinquere capace di reinvestire in attivit\u00e0 lecite i profitti derivanti da reati [&hellip;]<\/p>\n","protected":false},"author":62,"featured_media":169561,"comment_status":"open","ping_status":"closed","sticky":false,"template":"","format":"standard","meta":{"footnotes":""},"categories":[7],"tags":[],"class_list":["post-169698","post","type-post","status-publish","format-standard","has-post-thumbnail","hentry","category-cronaca"],"_links":{"self":[{"href":"https:\/\/www.radioluna.it\/news\/wp-json\/wp\/v2\/posts\/169698","targetHints":{"allow":["GET"]}}],"collection":[{"href":"https:\/\/www.radioluna.it\/news\/wp-json\/wp\/v2\/posts"}],"about":[{"href":"https:\/\/www.radioluna.it\/news\/wp-json\/wp\/v2\/types\/post"}],"author":[{"embeddable":true,"href":"https:\/\/www.radioluna.it\/news\/wp-json\/wp\/v2\/users\/62"}],"replies":[{"embeddable":true,"href":"https:\/\/www.radioluna.it\/news\/wp-json\/wp\/v2\/comments?post=169698"}],"version-history":[{"count":0,"href":"https:\/\/www.radioluna.it\/news\/wp-json\/wp\/v2\/posts\/169698\/revisions"}],"wp:featuredmedia":[{"embeddable":true,"href":"https:\/\/www.radioluna.it\/news\/wp-json\/wp\/v2\/media\/169561"}],"wp:attachment":[{"href":"https:\/\/www.radioluna.it\/news\/wp-json\/wp\/v2\/media?parent=169698"}],"wp:term":[{"taxonomy":"category","embeddable":true,"href":"https:\/\/www.radioluna.it\/news\/wp-json\/wp\/v2\/categories?post=169698"},{"taxonomy":"post_tag","embeddable":true,"href":"https:\/\/www.radioluna.it\/news\/wp-json\/wp\/v2\/tags?post=169698"}],"curies":[{"name":"wp","href":"https:\/\/api.w.org\/{rel}","templated":true}]}}