{"id":169731,"date":"2015-10-17T09:10:39","date_gmt":"2015-10-17T07:10:39","guid":{"rendered":"http:\/\/www.radioluna.it\/news\/?p=169731"},"modified":"2015-10-17T09:10:39","modified_gmt":"2015-10-17T07:10:39","slug":"piazzale-dellambrosia-a-latina-scalo-lavori-fermi-da-mesi","status":"publish","type":"post","link":"https:\/\/www.radioluna.it\/news\/2015\/10\/piazzale-dellambrosia-a-latina-scalo-lavori-fermi-da-mesi\/","title":{"rendered":"Piazzale dell&#8217;Ambrosia a Latina Scalo, lavori fermi da mesi"},"content":{"rendered":"<div id=\"fb-root\"><\/div>\n<p style=\"text-align: justify;\"><a href=\"http:\/\/www.radioluna.it\/news\/wp-content\/uploads\/2015\/10\/parco-dellambrosia-latina-scalo.jpg\"><img loading=\"lazy\" decoding=\"async\" class=\"aligncenter size-thumbnail wp-image-169732\" src=\"http:\/\/www.radioluna.it\/news\/wp-content\/uploads\/2015\/10\/parco-dellambrosia-latina-scalo-635x476.jpg\" alt=\"parco dell'ambrosia latina scalo\" width=\"635\" height=\"476\" srcset=\"https:\/\/www.radioluna.it\/news\/wp-content\/uploads\/2015\/10\/parco-dellambrosia-latina-scalo-635x476.jpg 635w, https:\/\/www.radioluna.it\/news\/wp-content\/uploads\/2015\/10\/parco-dellambrosia-latina-scalo-768x576.jpg 768w, https:\/\/www.radioluna.it\/news\/wp-content\/uploads\/2015\/10\/parco-dellambrosia-latina-scalo-500x375.jpg 500w, https:\/\/www.radioluna.it\/news\/wp-content\/uploads\/2015\/10\/parco-dellambrosia-latina-scalo-300x225.jpg 300w, https:\/\/www.radioluna.it\/news\/wp-content\/uploads\/2015\/10\/parco-dellambrosia-latina-scalo-1024x768.jpg 1024w, https:\/\/www.radioluna.it\/news\/wp-content\/uploads\/2015\/10\/parco-dellambrosia-latina-scalo-800x600.jpg 800w, https:\/\/www.radioluna.it\/news\/wp-content\/uploads\/2015\/10\/parco-dellambrosia-latina-scalo.jpg 1000w\" sizes=\"auto, (max-width: 635px) 100vw, 635px\" \/><\/a>LATINA &#8211; Ecco il piazzale dell&#8217;Ambrosia a Latina Scalo, un cantiere aperto e immobile: i lavori sono bloccati da agosto. La segnalazione ci arriva da una lettrice residente nella frazione, ma \u00e8 solo uno dei cantieri bloccati nel comune capoluogo. A Latina c&#8217;\u00e8 per esempio a Piazza Moro o l&#8217;area giochi di Parco San Marco. Il fine lavori, per ora \u00e8 un punto interrogativo.<\/p>\n<div class=\"radio-posizionamento-telefono-in-articoli-dopo-il-contenuto-articolo radio-entity-placement\" id=\"radio-448450833\"><div id=\"radio-10338995\" style=\"width: 300px;height: 250px;\"><a href=\"https:\/\/www.icarspa.it\/auto\/usate\/latina\/\" aria-label=\"banner aprile icar new life &#8211; auto usate latina\"><img loading=\"lazy\" decoding=\"async\" src=\"https:\/\/www.radioluna.it\/news\/wp-content\/uploads\/2026\/02\/banner-aprile-icar-new-life-auto-usate-latina.gif\" alt=\"\"  width=\"300\" height=\"250\"   \/><\/a><\/div><\/div>","protected":false},"excerpt":{"rendered":"<p>LATINA &#8211; Ecco il piazzale dell&#8217;Ambrosia a Latina Scalo, un cantiere aperto e immobile: i lavori sono bloccati da agosto. La segnalazione ci arriva da una lettrice residente nella frazione, ma \u00e8 solo uno dei cantieri bloccati nel comune capoluogo. A Latina c&#8217;\u00e8 per esempio a Piazza Moro o l&#8217;area giochi di Parco San Marco. [&hellip;]<\/p>\n","protected":false},"author":62,"featured_media":169732,"comment_status":"open","ping_status":"closed","sticky":false,"template":"","format":"standard","meta":{"footnotes":""},"categories":[7],"tags":[],"class_list":["post-169731","post","type-post","status-publish","format-standard","has-post-thumbnail","hentry","category-cronaca"],"_links":{"self":[{"href":"https:\/\/www.radioluna.it\/news\/wp-json\/wp\/v2\/posts\/169731","targetHints":{"allow":["GET"]}}],"collection":[{"href":"https:\/\/www.radioluna.it\/news\/wp-json\/wp\/v2\/posts"}],"about":[{"href":"https:\/\/www.radioluna.it\/news\/wp-json\/wp\/v2\/types\/post"}],"author":[{"embeddable":true,"href":"https:\/\/www.radioluna.it\/news\/wp-json\/wp\/v2\/users\/62"}],"replies":[{"embeddable":true,"href":"https:\/\/www.radioluna.it\/news\/wp-json\/wp\/v2\/comments?post=169731"}],"version-history":[{"count":0,"href":"https:\/\/www.radioluna.it\/news\/wp-json\/wp\/v2\/posts\/169731\/revisions"}],"wp:featuredmedia":[{"embeddable":true,"href":"https:\/\/www.radioluna.it\/news\/wp-json\/wp\/v2\/media\/169732"}],"wp:attachment":[{"href":"https:\/\/www.radioluna.it\/news\/wp-json\/wp\/v2\/media?parent=169731"}],"wp:term":[{"taxonomy":"category","embeddable":true,"href":"https:\/\/www.radioluna.it\/news\/wp-json\/wp\/v2\/categories?post=169731"},{"taxonomy":"post_tag","embeddable":true,"href":"https:\/\/www.radioluna.it\/news\/wp-json\/wp\/v2\/tags?post=169731"}],"curies":[{"name":"wp","href":"https:\/\/api.w.org\/{rel}","templated":true}]}}