{"id":169735,"date":"2015-10-17T11:37:27","date_gmt":"2015-10-17T09:37:27","guid":{"rendered":"http:\/\/www.radioluna.it\/news\/?p=169735"},"modified":"2015-10-18T17:05:19","modified_gmt":"2015-10-18T15:05:19","slug":"dopo-dont-touch-e-lora-della-legalita-alle-18-la-manifestazione-a-latina","status":"publish","type":"post","link":"https:\/\/www.radioluna.it\/news\/2015\/10\/dopo-dont-touch-e-lora-della-legalita-alle-18-la-manifestazione-a-latina\/","title":{"rendered":"Dopo Don&#8217;t Touch \u00e8 l&#8217;ora della legalit\u00e0: alle 18 la manifestazione a Latina"},"content":{"rendered":"<div id=\"fb-root\"><\/div>\n<p style=\"text-align: justify;\"><strong> <a href=\"http:\/\/www.radioluna.it\/news\/wp-content\/uploads\/2015\/10\/grazie.jpg\"><img loading=\"lazy\" decoding=\"async\" class=\"aligncenter size-thumbnail wp-image-169756\" src=\"http:\/\/www.radioluna.it\/news\/wp-content\/uploads\/2015\/10\/grazie-635x422.jpg\" alt=\"grazie\" width=\"635\" height=\"422\" srcset=\"https:\/\/www.radioluna.it\/news\/wp-content\/uploads\/2015\/10\/grazie-635x422.jpg 635w, https:\/\/www.radioluna.it\/news\/wp-content\/uploads\/2015\/10\/grazie-768x511.jpg 768w, https:\/\/www.radioluna.it\/news\/wp-content\/uploads\/2015\/10\/grazie-500x333.jpg 500w, https:\/\/www.radioluna.it\/news\/wp-content\/uploads\/2015\/10\/grazie-600x400.jpg 600w, https:\/\/www.radioluna.it\/news\/wp-content\/uploads\/2015\/10\/grazie-300x200.jpg 300w, https:\/\/www.radioluna.it\/news\/wp-content\/uploads\/2015\/10\/grazie.jpg 800w\" sizes=\"auto, (max-width: 635px) 100vw, 635px\" \/><\/a>LATINA<\/strong> &#8211;\u00a0<a class=\"_58cn\" href=\"https:\/\/www.facebook.com\/hashtag\/riprendiamocilacitt%C3%A0\" data-ft=\"{&quot;tn&quot;:&quot;*N&quot;,&quot;type&quot;:104}\">#riprendiamocilacitt\u00e0<\/a> <a class=\"_58cn\" href=\"https:\/\/www.facebook.com\/hashtag\/nontoccatelatina\" data-ft=\"{&quot;tn&quot;:&quot;*N&quot;,&quot;type&quot;:104}\">#nontoccatelatina<\/a>\u00a0sono gli hastag che fanno da filo conduttore della manifestazione in programma oggi in Piazza del Popolo. Latina ricomincia da qui, e bisogna essere in tanti per dichiarare apertamente e senza paure qual \u00e8 la Latina che vogliamo.<\/p>\n<p style=\"text-align: justify;\">Vogliamo testimoniare forte il nostro sostegno agli organi inquirenti per il lavoro svolto nell&#8217;inchiesta &#8220;Don&#8217;t touch&#8221;, la nostra vicinanza a tutti coloro che nel tempo hanno subito pressioni e minacce; ma vogliamo sopratutto aiutare i nostri ragazzi a non avere paura. Vogliamo dire stop alle intimidazioni che li fanno stare in un limbo dove \u00e8 meglio non far capire troppo da che parte si sta; vogliamo dire no a quella sottocultura che ancora oggi spinge tanti a chiedere aiuto a Cha Cha per riavere un motorino e una moto rubati, o per lamentare un torto subito, come fosse lui l&#8217;autorit\u00e0 costituita. Facciamo sentire loro e i loro seguaci, una minoranza.<\/p>\n<p style=\"text-align: justify;\">\u00abL&#8217;operazione &#8216;Don&#8217;t touch con la quale la Procura e la Questura di\u00a0Latina hanno decapitato il clan criminale Di Silvio \u00e8 solo l&#8217;ultima di una serie di operazioni che negli ultimi mesi ha visto protagoniste tutte le Forze dell&#8217;Ordine del capoluogo pontino nel contrasto alle organizzazioni della criminalit\u00e0 organizzata. Trovo meraviglioso che oggi un cartello vasto di associazioni, cittadini e reti studentesche abbia convocato in Piazza del Popolo di\u00a0Latina\u00a0la manifestazione &#8216;L&#8217;ora della Legalit\u00e0&#8217; a sostegno delle Forze dell&#8217;Ordine e della Magistratura\u00bb. Sono le parole di Gianpiero Cioffredi, presidente Osservatorio Sicurezza e Legalit\u00e0 della Regione Lazio che annuncia la sua partecipazione alla manifestazione in programma oggi alle 18.<\/p>\n<p><strong>TUTTI IN BIANCO<\/strong> &#8211; \u00a0&#8220;Parteciperemo tutti senza bandiere di alcun colore, ma con un simbolico fazzoletto bianco o indumento bianco, per segnare un definitivo riscatto della parte onesta di questa citt\u00e0.\u00a0Per troppo tempo siamo rimasti in silenzio e pazientemente abbiamo atteso.\u00a0Abbiamo sbagliato ed \u00e8 ora che ci riprendiamo la nostra citt\u00e0&#8221;.<\/p>\n<p style=\"text-align: justify;\"><strong>NO LOGO<\/strong> &#8211; &#8220;E&#8217; importante che alla manifestazione di sabato nessuno porti bandiere o simboli che rimandino ad associazioni, sindacati o partiti. L&#8217;unica cosa che contrassegner\u00e0 la manifestazione sar\u00e0 uno striscione in testa al corteo con la scritta grande: &#8220;L&#8217;ora della legalit\u00e0&#8221;.<\/p>\n<p style=\"text-align: justify;\">L&#8217;appuntamento per partecipare alla manifestazione L&#8217;Ora della Legalit\u00e0 \u00e8 alle 18 (e fino alle 19) in Piazza del Popolo sotto il Comune.<\/p>\n<div class=\"radio-posizionamento-telefono-in-articoli-dopo-il-contenuto-articolo radio-entity-placement\" id=\"radio-4166627936\"><div id=\"radio-1169554043\" style=\"width: 300px;height: 250px;\"><a href=\"https:\/\/www.icarspa.it\/auto\/usate\/latina\/\" aria-label=\"banner aprile icar new life &#8211; auto usate latina\"><img loading=\"lazy\" decoding=\"async\" src=\"https:\/\/www.radioluna.it\/news\/wp-content\/uploads\/2026\/02\/banner-aprile-icar-new-life-auto-usate-latina.gif\" alt=\"\"  width=\"300\" height=\"250\"   \/><\/a><\/div><\/div>","protected":false},"excerpt":{"rendered":"<p>LATINA &#8211;\u00a0#riprendiamocilacitt\u00e0 #nontoccatelatina\u00a0sono gli hastag che fanno da filo conduttore della manifestazione in programma oggi in Piazza del Popolo. Latina ricomincia da qui, e bisogna essere in tanti per dichiarare apertamente e senza paure qual \u00e8 la Latina che vogliamo. Vogliamo testimoniare forte il nostro sostegno agli organi inquirenti per il lavoro svolto nell&#8217;inchiesta &#8220;Don&#8217;t [&hellip;]<\/p>\n","protected":false},"author":62,"featured_media":148395,"comment_status":"open","ping_status":"closed","sticky":false,"template":"","format":"standard","meta":{"footnotes":""},"categories":[7],"tags":[],"class_list":["post-169735","post","type-post","status-publish","format-standard","has-post-thumbnail","hentry","category-cronaca"],"_links":{"self":[{"href":"https:\/\/www.radioluna.it\/news\/wp-json\/wp\/v2\/posts\/169735","targetHints":{"allow":["GET"]}}],"collection":[{"href":"https:\/\/www.radioluna.it\/news\/wp-json\/wp\/v2\/posts"}],"about":[{"href":"https:\/\/www.radioluna.it\/news\/wp-json\/wp\/v2\/types\/post"}],"author":[{"embeddable":true,"href":"https:\/\/www.radioluna.it\/news\/wp-json\/wp\/v2\/users\/62"}],"replies":[{"embeddable":true,"href":"https:\/\/www.radioluna.it\/news\/wp-json\/wp\/v2\/comments?post=169735"}],"version-history":[{"count":0,"href":"https:\/\/www.radioluna.it\/news\/wp-json\/wp\/v2\/posts\/169735\/revisions"}],"wp:featuredmedia":[{"embeddable":true,"href":"https:\/\/www.radioluna.it\/news\/wp-json\/wp\/v2\/media\/148395"}],"wp:attachment":[{"href":"https:\/\/www.radioluna.it\/news\/wp-json\/wp\/v2\/media?parent=169735"}],"wp:term":[{"taxonomy":"category","embeddable":true,"href":"https:\/\/www.radioluna.it\/news\/wp-json\/wp\/v2\/categories?post=169735"},{"taxonomy":"post_tag","embeddable":true,"href":"https:\/\/www.radioluna.it\/news\/wp-json\/wp\/v2\/tags?post=169735"}],"curies":[{"name":"wp","href":"https:\/\/api.w.org\/{rel}","templated":true}]}}