{"id":169779,"date":"2015-10-19T13:29:19","date_gmt":"2015-10-19T11:29:19","guid":{"rendered":"http:\/\/www.radioluna.it\/news\/?p=169779"},"modified":"2015-10-19T13:29:19","modified_gmt":"2015-10-19T11:29:19","slug":"operai-avio-anche-per-veneruso-valgono-le-parole-del-questore","status":"publish","type":"post","link":"https:\/\/www.radioluna.it\/news\/2015\/10\/operai-avio-anche-per-veneruso-valgono-le-parole-del-questore\/","title":{"rendered":"Operai Avio: &#8220;Anche per Veneruso valgono le parole del Questore&#8221;"},"content":{"rendered":"<div id=\"fb-root\"><\/div>\n<p style=\"text-align: justify;\"><strong><a href=\"http:\/\/www.radioluna.it\/news\/wp-content\/uploads\/2015\/02\/AVIO.jpg\"><img loading=\"lazy\" decoding=\"async\" class=\"aligncenter size-full wp-image-161158\" src=\"http:\/\/www.radioluna.it\/news\/wp-content\/uploads\/2015\/02\/AVIO.jpg\" alt=\"Aviointeriors\" width=\"593\" height=\"443\" srcset=\"https:\/\/www.radioluna.it\/news\/wp-content\/uploads\/2015\/02\/AVIO.jpg 593w, https:\/\/www.radioluna.it\/news\/wp-content\/uploads\/2015\/02\/AVIO-500x374.jpg 500w, https:\/\/www.radioluna.it\/news\/wp-content\/uploads\/2015\/02\/AVIO-300x224.jpg 300w\" sizes=\"auto, (max-width: 593px) 100vw, 593px\" \/><\/a>LATINA<\/strong> &#8211;\u00a0\u201cNon abbiamo scoperto nulla che voi cittadini non sapevate\u201d. Richiamano le parole del Questore di Latina Giuseppe de Matteis pronunciate sabato nel corso della manifestazione per la legalit\u00e0 e di sostegno alle forze dell&#8217;ordine dopo l&#8217;inchiesta Don&#8217;t touch, gli operai dell&#8217;Avio Interiors di Latina da mesi in presidio permanente fuori dallo stabilimento. &#8220;Una frase che ci ha colpito e per la quale lo ringraziamo, insieme a tutta la questura di Latina per lo straordinario lavoro che sta svolgendo sul nostro territorio&#8221;, sottolineano ancora, ricordando senza mezzi termini le tante cose note e inspiegabili a proposito di fatti che li riguardano pi\u00f9 direttamente.<\/p>\n<p style=\"text-align: justify;\"><strong>IL TESTO DELLA LETTERA DEGLI OPERAI<\/strong> &#8211; Pubblichiamo qui integralmente l&#8217;intervento degli operai in presidio.<\/p>\n<p style=\"text-align: justify;\">&#8220;Tutti sanno quello che noi andiamo dicendo da anni a proposito del sistema Alberto Veneruso e Avio Interiors.\u00a0Abbiamo denunciato e sollevato dubbi sui fallimenti e sulle vicende in questione e, alla luce di tutto quello che stiamo leggendo sui giornali in questi ultimi giorni, i nostri dubbi si rafforzano sempre di pi\u00f9.\u00a0Continuiamo a non capire, per esempio, come mai a Latina, dopo quasi un ventennio, ancora si \u201cindaghi\u201d sul crack Permaflex\/Veneruso. In un paese normale, forse, i responsabili di quella vicenda sarebbero dovuti essere giudicati gi\u00e0 da anni.\u00a0Quanto al fallimento Meccano di Veneruso, oggi ci ritroviamo con milioni di soldi pubblici elargiti in favore dello stesso a fronte di disoccupati e macerie sul nostro territorio.\u00a0I casi degli altri fallimenti delle sue societ\u00e0 (Alven, Rail, AGW, prima matricola Avio Interiors, solo per citarne alcune) se non sbagliamo erano in mano al giudice Lollo, oggi reo-confesso e agli arresti. I nostri dubbi, allora, aumentano.<br \/>\nSollevano ulteriori, forti perplessit\u00e0, anche gli atteggiamenti dell\u2019Ufficio provinciale del Lavoro di Latina (DTL-Latina) che resta in silenzio sulle questioni Avio Interiors nonostante il ministro del Lavoro Poletti abbia inviato 12 ispettori all\u2019interno dello stabilimento per verificarne le condizioni di lavoro. Eppure, lo stesso DTL, conosce bene la situazione, anche attraverso le varie denunce che da tempo ha agli atti.\u00a0Questo, solo per citare alcune delle singolari vicende che riguardano la cosiddetta \u201cGalassia Veneruso\/Avio Interiors.\u00a0Ora, sono in arrivo le sentenze di reintegro a lavoro dei dipendenti Avio Interiors per le quali sono competenti tre diversi giudici del Tribunale di Latina.\u00a0Chiediamo quindi la massima trasparenza di giudizio nei nostri confronti, nella consapevolezza che a vigilare su questa vicenda non ci saremo solo noi ed i nostri avvocati, ma anche le istituzioni che a pi\u00f9 riprese ci hanno dimostrato la loro solidariet\u00e0, nonch\u00e9 la societ\u00e0 civile.\u00a0Perch\u00e9 non stiamo parlando solo della battaglia sindacale di alcuni operai, ma anche della fiducia che i cittadini ed i lavoratori di questa provincia devono riacquisire verso le istituzioni, sfiorate dalle brutte vicende che riempiono le pagine dei giornali locali in questo periodo.<\/p>\n<p style=\"text-align: justify;\">La speranza \u00e8 che, dopo il clamore mediatico che le ultime vicende stanno sollevando sulla questione Legalit\u00e0, restino dritte le spalle e solide le coscienze di tutti i nostri concittadini, affinch\u00e9 Latina chiuda finalmente le porte ad imprenditori spregiudicati e faccendieri senza scrupoli.<\/p>\n<p>Basta trucchi, rivogliamo il nostro lavoro e lotteremo fino all\u2019ultimo respiro per ottenerlo&#8221;.<\/p>\n","protected":false},"excerpt":{"rendered":"<p>LATINA &#8211;\u00a0\u201cNon abbiamo scoperto nulla che voi cittadini non sapevate\u201d. Richiamano le parole del Questore di Latina Giuseppe de Matteis pronunciate sabato nel corso della manifestazione per la legalit\u00e0 e di sostegno alle forze dell&#8217;ordine dopo l&#8217;inchiesta Don&#8217;t touch, gli operai dell&#8217;Avio Interiors di Latina da mesi in presidio permanente fuori dallo stabilimento. &#8220;Una frase [&hellip;]<\/p>\n","protected":false},"author":62,"featured_media":161158,"comment_status":"open","ping_status":"closed","sticky":false,"template":"","format":"standard","meta":{"footnotes":""},"categories":[7],"tags":[],"class_list":["post-169779","post","type-post","status-publish","format-standard","has-post-thumbnail","hentry","category-cronaca"],"_links":{"self":[{"href":"https:\/\/www.radioluna.it\/news\/wp-json\/wp\/v2\/posts\/169779","targetHints":{"allow":["GET"]}}],"collection":[{"href":"https:\/\/www.radioluna.it\/news\/wp-json\/wp\/v2\/posts"}],"about":[{"href":"https:\/\/www.radioluna.it\/news\/wp-json\/wp\/v2\/types\/post"}],"author":[{"embeddable":true,"href":"https:\/\/www.radioluna.it\/news\/wp-json\/wp\/v2\/users\/62"}],"replies":[{"embeddable":true,"href":"https:\/\/www.radioluna.it\/news\/wp-json\/wp\/v2\/comments?post=169779"}],"version-history":[{"count":0,"href":"https:\/\/www.radioluna.it\/news\/wp-json\/wp\/v2\/posts\/169779\/revisions"}],"wp:featuredmedia":[{"embeddable":true,"href":"https:\/\/www.radioluna.it\/news\/wp-json\/wp\/v2\/media\/161158"}],"wp:attachment":[{"href":"https:\/\/www.radioluna.it\/news\/wp-json\/wp\/v2\/media?parent=169779"}],"wp:term":[{"taxonomy":"category","embeddable":true,"href":"https:\/\/www.radioluna.it\/news\/wp-json\/wp\/v2\/categories?post=169779"},{"taxonomy":"post_tag","embeddable":true,"href":"https:\/\/www.radioluna.it\/news\/wp-json\/wp\/v2\/tags?post=169779"}],"curies":[{"name":"wp","href":"https:\/\/api.w.org\/{rel}","templated":true}]}}