{"id":169785,"date":"2015-10-20T11:11:27","date_gmt":"2015-10-20T09:11:27","guid":{"rendered":"http:\/\/www.radioluna.it\/news\/?p=169785"},"modified":"2015-10-20T17:49:55","modified_gmt":"2015-10-20T15:49:55","slug":"operazione-dont-touch-ore-decisive-per-le-richieste-delle-difese","status":"publish","type":"post","link":"https:\/\/www.radioluna.it\/news\/2015\/10\/operazione-dont-touch-ore-decisive-per-le-richieste-delle-difese\/","title":{"rendered":"Operazione Don&#8217;t Touch, il gip conferma e lascia tutti in carcere"},"content":{"rendered":"<div id=\"fb-root\"><\/div>\n<div style=\"text-align: justify;\"><strong><a href=\"http:\/\/www.radioluna.it\/news\/wp-content\/uploads\/2014\/09\/Piazza-del-tribunale-con-seminatore.jpg\"><img loading=\"lazy\" decoding=\"async\" class=\"aligncenter size-thumbnail wp-image-155723\" src=\"http:\/\/www.radioluna.it\/news\/wp-content\/uploads\/2014\/09\/Piazza-del-tribunale-con-seminatore-635x476.jpg\" alt=\"Piazza del tribunale (con seminatore)\" width=\"635\" height=\"476\" srcset=\"https:\/\/www.radioluna.it\/news\/wp-content\/uploads\/2014\/09\/Piazza-del-tribunale-con-seminatore-635x476.jpg 635w, https:\/\/www.radioluna.it\/news\/wp-content\/uploads\/2014\/09\/Piazza-del-tribunale-con-seminatore-300x225.jpg 300w, https:\/\/www.radioluna.it\/news\/wp-content\/uploads\/2014\/09\/Piazza-del-tribunale-con-seminatore-500x375.jpg 500w, https:\/\/www.radioluna.it\/news\/wp-content\/uploads\/2014\/09\/Piazza-del-tribunale-con-seminatore.jpg 667w\" sizes=\"auto, (max-width: 635px) 100vw, 635px\" \/><\/a>LATINA\u00a0<\/strong>&#8211; Il gip del Tribunale di Latina Giuseppe Cario ha rigettato le istanze di scarcerazione o di una misura meno afflittiva per alcuni di 24 indagati dell&#8217;operazione Don&#8217;t Touch, scattata luned\u00ec scorso a Latina. Il magistrato nel pomeriggio ha sciolto la riserva, dopo il parere espresso dai pubblici ministeri, in merito alle richieste presentate da Natan Altomare, Gianluca Tuma, Giuseppe Travali, Antonio Neroni, Fabio Bortolin, Fabrizio Marchetto e Dario Gabrielli. Per la posizione di Altomare, accusato di essere il promotore di una associazione a delinquere finalizzata alla commissione di furti in villa, secondo il gip c&#8217;\u00e8 la possibilit\u00e0 di reiterazione del reato ed \u00e8 questo uno dei motivi che ha spinto il gip a rigettare la richiesta presentata dal suo legale che ha gi\u00e0 presentato ricorso al Riesame: l&#8217;udienza \u00e8 fissata il 26 ottobre.<\/div>\n<div><\/div>\n","protected":false},"excerpt":{"rendered":"<p>LATINA\u00a0&#8211; Il gip del Tribunale di Latina Giuseppe Cario ha rigettato le istanze di scarcerazione o di una misura meno afflittiva per alcuni di 24 indagati dell&#8217;operazione Don&#8217;t Touch, scattata luned\u00ec scorso a Latina. Il magistrato nel pomeriggio ha sciolto la riserva, dopo il parere espresso dai pubblici ministeri, in merito alle richieste presentate da [&hellip;]<\/p>\n","protected":false},"author":60,"featured_media":155723,"comment_status":"open","ping_status":"closed","sticky":false,"template":"","format":"standard","meta":{"footnotes":""},"categories":[7],"tags":[],"class_list":["post-169785","post","type-post","status-publish","format-standard","has-post-thumbnail","hentry","category-cronaca"],"_links":{"self":[{"href":"https:\/\/www.radioluna.it\/news\/wp-json\/wp\/v2\/posts\/169785","targetHints":{"allow":["GET"]}}],"collection":[{"href":"https:\/\/www.radioluna.it\/news\/wp-json\/wp\/v2\/posts"}],"about":[{"href":"https:\/\/www.radioluna.it\/news\/wp-json\/wp\/v2\/types\/post"}],"author":[{"embeddable":true,"href":"https:\/\/www.radioluna.it\/news\/wp-json\/wp\/v2\/users\/60"}],"replies":[{"embeddable":true,"href":"https:\/\/www.radioluna.it\/news\/wp-json\/wp\/v2\/comments?post=169785"}],"version-history":[{"count":0,"href":"https:\/\/www.radioluna.it\/news\/wp-json\/wp\/v2\/posts\/169785\/revisions"}],"wp:featuredmedia":[{"embeddable":true,"href":"https:\/\/www.radioluna.it\/news\/wp-json\/wp\/v2\/media\/155723"}],"wp:attachment":[{"href":"https:\/\/www.radioluna.it\/news\/wp-json\/wp\/v2\/media?parent=169785"}],"wp:term":[{"taxonomy":"category","embeddable":true,"href":"https:\/\/www.radioluna.it\/news\/wp-json\/wp\/v2\/categories?post=169785"},{"taxonomy":"post_tag","embeddable":true,"href":"https:\/\/www.radioluna.it\/news\/wp-json\/wp\/v2\/tags?post=169785"}],"curies":[{"name":"wp","href":"https:\/\/api.w.org\/{rel}","templated":true}]}}