{"id":169796,"date":"2015-10-20T07:13:55","date_gmt":"2015-10-20T05:13:55","guid":{"rendered":"http:\/\/www.radioluna.it\/news\/?p=169796"},"modified":"2015-10-20T20:06:29","modified_gmt":"2015-10-20T18:06:29","slug":"lavori-in-vista-nella-galleria-montegiove-di-terracina-appia-vietata-per-alcune-ore","status":"publish","type":"post","link":"https:\/\/www.radioluna.it\/news\/2015\/10\/lavori-in-vista-nella-galleria-montegiove-di-terracina-appia-vietata-per-alcune-ore\/","title":{"rendered":"Lavori in vista nella galleria Montegiove di Terracina, Appia vietata per alcune ore"},"content":{"rendered":"<div id=\"fb-root\"><\/div>\n<p style=\"text-align: justify;\"><strong><a href=\"http:\/\/www.radioluna.it\/news\/wp-content\/uploads\/2014\/11\/Galleria-Alessandro-Di-trapano-620x348.jpg\"><img loading=\"lazy\" decoding=\"async\" class=\"aligncenter size-full wp-image-157944\" src=\"http:\/\/www.radioluna.it\/news\/wp-content\/uploads\/2014\/11\/Galleria-Alessandro-Di-trapano-620x348.jpg\" alt=\"Galleria-Alessandro-Di-trapano-620x348\" width=\"620\" height=\"348\" srcset=\"https:\/\/www.radioluna.it\/news\/wp-content\/uploads\/2014\/11\/Galleria-Alessandro-Di-trapano-620x348.jpg 620w, https:\/\/www.radioluna.it\/news\/wp-content\/uploads\/2014\/11\/Galleria-Alessandro-Di-trapano-620x348-500x281.jpg 500w, https:\/\/www.radioluna.it\/news\/wp-content\/uploads\/2014\/11\/Galleria-Alessandro-Di-trapano-620x348-300x168.jpg 300w\" sizes=\"auto, (max-width: 620px) 100vw, 620px\" \/><\/a>LATINA<\/strong> &#8211;\u00a0 Nella notte tra mercoled\u00ec 21 e gioved\u00ec 22 ottobre saranno eseguiti i lavori di manutenzione dell&#8217;impianto antincendio all&#8217;interno della galleria Tempio di Giove, sulla strada statale 7 &#8216;via Appia&#8217; a Terracina, in provincia di Latina. Lo fa sapere Anas, spiegando che per consentire lo svolgimento degli interventi, la statale sar\u00e0 provvisoriamente chiusa in entrambe le direzioni tra le 21.00 di mercoled\u00ec e le 6.00 di gioved\u00ec. Il traffico sar\u00e0 deviato sulla viabilit\u00e0 locale di Terracina, con indicazioni sul posto. In particolare, per il traffico lungo la strada statale: in direzione Napoli sar\u00e0 istituita l&#8217;uscita obbligatoria al km 99 (uscita \u00abTerracina\u00bb) mentre in direzione Roma sar\u00e0 istituita una deviazione al km 106, sempre in direzione Terracina. Il traffico in direzione Napoli proveniente dalla strada regionale 148 Pontina sar\u00e0 deviato sulla Ss7racc\/A di Porto Badino; i veicoli in direzione Terracina provenienti dalla strada regionale Flacca saranno deviati sulla Ss7dir\/A del Tempio di Giove.<\/p>\n","protected":false},"excerpt":{"rendered":"<p>LATINA &#8211;\u00a0 Nella notte tra mercoled\u00ec 21 e gioved\u00ec 22 ottobre saranno eseguiti i lavori di manutenzione dell&#8217;impianto antincendio all&#8217;interno della galleria Tempio di Giove, sulla strada statale 7 &#8216;via Appia&#8217; a Terracina, in provincia di Latina. Lo fa sapere Anas, spiegando che per consentire lo svolgimento degli interventi, la statale sar\u00e0 provvisoriamente chiusa in [&hellip;]<\/p>\n","protected":false},"author":62,"featured_media":157944,"comment_status":"open","ping_status":"closed","sticky":false,"template":"","format":"standard","meta":{"footnotes":""},"categories":[7],"tags":[],"class_list":["post-169796","post","type-post","status-publish","format-standard","has-post-thumbnail","hentry","category-cronaca"],"_links":{"self":[{"href":"https:\/\/www.radioluna.it\/news\/wp-json\/wp\/v2\/posts\/169796","targetHints":{"allow":["GET"]}}],"collection":[{"href":"https:\/\/www.radioluna.it\/news\/wp-json\/wp\/v2\/posts"}],"about":[{"href":"https:\/\/www.radioluna.it\/news\/wp-json\/wp\/v2\/types\/post"}],"author":[{"embeddable":true,"href":"https:\/\/www.radioluna.it\/news\/wp-json\/wp\/v2\/users\/62"}],"replies":[{"embeddable":true,"href":"https:\/\/www.radioluna.it\/news\/wp-json\/wp\/v2\/comments?post=169796"}],"version-history":[{"count":0,"href":"https:\/\/www.radioluna.it\/news\/wp-json\/wp\/v2\/posts\/169796\/revisions"}],"wp:featuredmedia":[{"embeddable":true,"href":"https:\/\/www.radioluna.it\/news\/wp-json\/wp\/v2\/media\/157944"}],"wp:attachment":[{"href":"https:\/\/www.radioluna.it\/news\/wp-json\/wp\/v2\/media?parent=169796"}],"wp:term":[{"taxonomy":"category","embeddable":true,"href":"https:\/\/www.radioluna.it\/news\/wp-json\/wp\/v2\/categories?post=169796"},{"taxonomy":"post_tag","embeddable":true,"href":"https:\/\/www.radioluna.it\/news\/wp-json\/wp\/v2\/tags?post=169796"}],"curies":[{"name":"wp","href":"https:\/\/api.w.org\/{rel}","templated":true}]}}