{"id":169873,"date":"2015-10-22T14:19:17","date_gmt":"2015-10-22T12:19:17","guid":{"rendered":"http:\/\/www.radioluna.it\/news\/?p=169873"},"modified":"2015-10-23T08:07:18","modified_gmt":"2015-10-23T06:07:18","slug":"zafferano-eccellenza-pontina-cori-e-il-circeo-investono-sulla-famosa-spezia-audio","status":"publish","type":"post","link":"https:\/\/www.radioluna.it\/news\/2015\/10\/zafferano-eccellenza-pontina-cori-e-il-circeo-investono-sulla-famosa-spezia-audio\/","title":{"rendered":"Zafferano, eccellenza pontina: Cori e il Circeo investono sulla famosa spezia"},"content":{"rendered":"<div id=\"fb-root\"><\/div>\n<div id=\"attachment_169874\" style=\"width: 645px\" class=\"wp-caption aligncenter\"><a href=\"http:\/\/www.radioluna.it\/news\/wp-content\/uploads\/2015\/10\/raccolto-di-zafferano.jpg\"><img loading=\"lazy\" decoding=\"async\" aria-describedby=\"caption-attachment-169874\" class=\"size-thumbnail wp-image-169874\" src=\"http:\/\/www.radioluna.it\/news\/wp-content\/uploads\/2015\/10\/raccolto-di-zafferano-635x609.jpg\" alt=\"fiori di zafferano raccolti a Cori\" width=\"635\" height=\"609\" srcset=\"https:\/\/www.radioluna.it\/news\/wp-content\/uploads\/2015\/10\/raccolto-di-zafferano-635x609.jpg 635w, https:\/\/www.radioluna.it\/news\/wp-content\/uploads\/2015\/10\/raccolto-di-zafferano-500x480.jpg 500w, https:\/\/www.radioluna.it\/news\/wp-content\/uploads\/2015\/10\/raccolto-di-zafferano-300x288.jpg 300w, https:\/\/www.radioluna.it\/news\/wp-content\/uploads\/2015\/10\/raccolto-di-zafferano.jpg 691w\" sizes=\"auto, (max-width: 635px) 100vw, 635px\" \/><\/a><p id=\"caption-attachment-169874\" class=\"wp-caption-text\">fiori di zafferano raccolti a Cori<\/p><\/div>\n<p style=\"text-align: justify;\"><strong>CORI<\/strong> &#8211; Ieri sulle colline coresi, \u00a0a 700 metri di altitudine, sono stati raccolti settemila fiori di zafferano. S\u00ec, proprio cos\u00ec. Una distesa violetta (\u00e8 questo il colore del fiore, mentre lo stimma \u00e8 giallo come la spezia) per un raccolto prezioso, che si concentra in 20 giorni nel corso dei quali, esclusivamente a mano, si estrae la sostanza che finir\u00e0 nel risotto. E&#8217; lo Zafferano di Cori prodotto dalla famiglia di Quinto Marafini. Ma non \u00e8 il solo in terra pontina.<a href=\"http:\/\/www.radioluna.it\/news\/wp-content\/uploads\/2015\/10\/zafferano-di-Cori.jpg\"><img loading=\"lazy\" decoding=\"async\" class=\"alignright  wp-image-169875\" src=\"http:\/\/www.radioluna.it\/news\/wp-content\/uploads\/2015\/10\/zafferano-di-Cori.jpg\" alt=\"zafferano di Cori\" width=\"129\" height=\"120\" srcset=\"https:\/\/www.radioluna.it\/news\/wp-content\/uploads\/2015\/10\/zafferano-di-Cori.jpg 301w, https:\/\/www.radioluna.it\/news\/wp-content\/uploads\/2015\/10\/zafferano-di-Cori-300x279.jpg 300w\" sizes=\"auto, (max-width: 129px) 100vw, 129px\" \/><\/a><\/p>\n<p style=\"text-align: justify;\"><a href=\"http:\/\/www.radioluna.it\/news\/wp-content\/uploads\/2015\/10\/zafferano-del-circeo.png\"><img loading=\"lazy\" decoding=\"async\" class=\"alignleft  wp-image-169876\" src=\"http:\/\/www.radioluna.it\/news\/wp-content\/uploads\/2015\/10\/zafferano-del-circeo.png\" alt=\"zafferano del circeo\" width=\"138\" height=\"138\" srcset=\"https:\/\/www.radioluna.it\/news\/wp-content\/uploads\/2015\/10\/zafferano-del-circeo.png 300w, https:\/\/www.radioluna.it\/news\/wp-content\/uploads\/2015\/10\/zafferano-del-circeo-150x150.png 150w, https:\/\/www.radioluna.it\/news\/wp-content\/uploads\/2015\/10\/zafferano-del-circeo-80x80.png 80w, https:\/\/www.radioluna.it\/news\/wp-content\/uploads\/2015\/10\/zafferano-del-circeo-50x50.png 50w\" sizes=\"auto, (max-width: 138px) 100vw, 138px\" \/><\/a>Respira aria di mare infatti quello coltivato a San Felice dalla famiglia Tombolillo, \u00e8 lo Zafferano del Circeo. Anche qui i primi fiori sono gi\u00e0 spuntati, ma il grosso del raccolto avverr\u00e0 tra venti giorni circa, favorito dalla giusta escursione termica tra il giorno e la notte. Solo allora, all&#8217;ombra del Promontorio, comincer\u00e0 il lavoro laborioso di sfioritura che non ammette soste: 10, 100, 1000, 10 mila fiori raccolti ogni giorno secondo una progressione esplosiva. E subito dopo, prima che il fiore si sciupi, si procede alla separazione.<\/p>\n<p style=\"text-align: justify;\">Nascono cos\u00ec le eccellenze alimentari. Lo zafferano pontino, ma anche il miele di zafferano, \u00a0prodotto sempre dalla famiglia di agricoltori coresi.<\/p>\n<p style=\"text-align: justify;\">&#8220;Le api vanno pazze per questi fiori&#8221;, dice Sara Guercio, presidente della Condotta Slow Food di Latina che ha accolto con giubilo l&#8217;iniziativa dei due produttori locali, un&#8217;avventura cominciata nel 2009 con piccole sperimentazioni e divenuta impresa due anni fa. &#8220;Questo tipo di prodotto risponde perfettamente ai requisiti di Slow Food: buono, nel senso di gustoso; pulito, perch\u00e9 rispetta l&#8217;ambiente e giusto sotto il profilo del rispetto dei lavoratori&#8221;.<\/p>\n<p style=\"text-align: justify;\">ASCOLTA Sara Guercio<\/p>\n<audio class=\"wp-audio-shortcode\" id=\"audio-169873-1\" preload=\"none\" style=\"width: 100%;\" controls=\"controls\"><source type=\"audio\/mpeg\" src=\"http:\/\/www.radioluna.it\/news\/wp-content\/uploads\/2015\/10\/sara-guercio-per-sito.mp3?_=1\" \/><a href=\"http:\/\/www.radioluna.it\/news\/wp-content\/uploads\/2015\/10\/sara-guercio-per-sito.mp3\">http:\/\/www.radioluna.it\/news\/wp-content\/uploads\/2015\/10\/sara-guercio-per-sito.mp3<\/a><\/audio>\n<p style=\"text-align: justify;\">\n<div class=\"radio-posizionamento-telefono-in-articoli-dopo-il-contenuto-articolo radio-entity-placement\" id=\"radio-1231128161\"><div id=\"radio-8187457\"><a href=\"https:\/\/www.simeoneceramiche.com\/\" aria-label=\"SIMEONE CERAMICHE GIF animata per radioluna_Tavola disegno 1 copia 2 (online-video-cutter.com)\"><img loading=\"lazy\" decoding=\"async\" src=\"https:\/\/www.radioluna.it\/news\/wp-content\/uploads\/2025\/05\/SIMEONE-CERAMICHE-GIF-animata-per-radioluna_Tavola-disegno-1-copia-2-online-video-cutter.com_.gif\" alt=\"\"  width=\"300\" height=\"250\"   \/><\/a><\/div><\/div>","protected":false},"excerpt":{"rendered":"<p>CORI &#8211; Ieri sulle colline coresi, \u00a0a 700 metri di altitudine, sono stati raccolti settemila fiori di zafferano. S\u00ec, proprio cos\u00ec. Una distesa violetta (\u00e8 questo il colore del fiore, mentre lo stimma \u00e8 giallo come la spezia) per un raccolto prezioso, che si concentra in 20 giorni nel corso dei quali, esclusivamente a mano, [&hellip;]<\/p>\n","protected":false},"author":62,"featured_media":169874,"comment_status":"open","ping_status":"closed","sticky":false,"template":"","format":"standard","meta":{"footnotes":""},"categories":[12,2310,2311],"tags":[],"class_list":["post-169873","post","type-post","status-publish","format-standard","has-post-thumbnail","hentry","category-ambiente","category-audio","category-foto"],"_links":{"self":[{"href":"https:\/\/www.radioluna.it\/news\/wp-json\/wp\/v2\/posts\/169873","targetHints":{"allow":["GET"]}}],"collection":[{"href":"https:\/\/www.radioluna.it\/news\/wp-json\/wp\/v2\/posts"}],"about":[{"href":"https:\/\/www.radioluna.it\/news\/wp-json\/wp\/v2\/types\/post"}],"author":[{"embeddable":true,"href":"https:\/\/www.radioluna.it\/news\/wp-json\/wp\/v2\/users\/62"}],"replies":[{"embeddable":true,"href":"https:\/\/www.radioluna.it\/news\/wp-json\/wp\/v2\/comments?post=169873"}],"version-history":[{"count":0,"href":"https:\/\/www.radioluna.it\/news\/wp-json\/wp\/v2\/posts\/169873\/revisions"}],"wp:featuredmedia":[{"embeddable":true,"href":"https:\/\/www.radioluna.it\/news\/wp-json\/wp\/v2\/media\/169874"}],"wp:attachment":[{"href":"https:\/\/www.radioluna.it\/news\/wp-json\/wp\/v2\/media?parent=169873"}],"wp:term":[{"taxonomy":"category","embeddable":true,"href":"https:\/\/www.radioluna.it\/news\/wp-json\/wp\/v2\/categories?post=169873"},{"taxonomy":"post_tag","embeddable":true,"href":"https:\/\/www.radioluna.it\/news\/wp-json\/wp\/v2\/tags?post=169873"}],"curies":[{"name":"wp","href":"https:\/\/api.w.org\/{rel}","templated":true}]}}