{"id":169929,"date":"2015-10-23T21:24:50","date_gmt":"2015-10-23T19:24:50","guid":{"rendered":"http:\/\/www.radioluna.it\/news\/?p=169929"},"modified":"2015-10-24T07:18:43","modified_gmt":"2015-10-24T05:18:43","slug":"il-latina-a-como-in-cerca-della-terza-vittoria-di-fila","status":"publish","type":"post","link":"https:\/\/www.radioluna.it\/news\/2015\/10\/il-latina-a-como-in-cerca-della-terza-vittoria-di-fila\/","title":{"rendered":"Il Latina a Como in cerca della terza vittoria di fila"},"content":{"rendered":"<div id=\"fb-root\"><\/div>\n<p style=\"text-align: justify;\"><a href=\"http:\/\/www.radioluna.it\/news\/wp-content\/uploads\/2015\/09\/IULIANO-PRO-VERCELLI-2.jpg\"><img loading=\"lazy\" decoding=\"async\" class=\"size-thumbnail wp-image-168783 aligncenter\" src=\"http:\/\/www.radioluna.it\/news\/wp-content\/uploads\/2015\/09\/IULIANO-PRO-VERCELLI-2-635x422.jpg\" alt=\"IULIANO PRO VERCELLI 2\" width=\"635\" height=\"422\" srcset=\"https:\/\/www.radioluna.it\/news\/wp-content\/uploads\/2015\/09\/IULIANO-PRO-VERCELLI-2-635x422.jpg 635w, https:\/\/www.radioluna.it\/news\/wp-content\/uploads\/2015\/09\/IULIANO-PRO-VERCELLI-2-768x511.jpg 768w, https:\/\/www.radioluna.it\/news\/wp-content\/uploads\/2015\/09\/IULIANO-PRO-VERCELLI-2-500x333.jpg 500w, https:\/\/www.radioluna.it\/news\/wp-content\/uploads\/2015\/09\/IULIANO-PRO-VERCELLI-2-600x400.jpg 600w, https:\/\/www.radioluna.it\/news\/wp-content\/uploads\/2015\/09\/IULIANO-PRO-VERCELLI-2-300x200.jpg 300w, https:\/\/www.radioluna.it\/news\/wp-content\/uploads\/2015\/09\/IULIANO-PRO-VERCELLI-2.jpg 800w\" sizes=\"auto, (max-width: 635px) 100vw, 635px\" \/><\/a><\/p>\n<p style=\"text-align: justify;\">LATINA- &lt;Andiamo a Como per fare la nostra partita cercando di sviluppare quello che \u00e8 il nostro lavoro settimanale e di far bene&gt;. Mark Iuliano presenta cos\u00ec la sfida di domani pomeriggio alle 15 al Sinigaglia. Contro i lariani i nerazzurri cercano di dare continuit\u00e0 al gioco e ai risultati come afferma il trainer nerazzurro. &lt;Vogliamo crescere sotto il profilo tattico e tecnico, l&#8217;aspetto fisico conta sempre molto. Affrontiamo una squadra che ha dei problemi, per\u00f2 non possiamo non andare a Como cercando di fare la nostra partita sulla falsariga delle altre, con aggressivit\u00e0&gt;. L&#8217;allenatore nerazzurro non si fida dell&#8217;avversario. &lt;Non esistono partite facili e la classifica non la guardiamo e la partita pu\u00f2 avere mille risvolti ambientali, tecnici e dinamici&gt;. Domani saranno indisponibili Corvia e Minala.<\/p>\n<p>&nbsp;<\/p>\n","protected":false},"excerpt":{"rendered":"<p>LATINA- &lt;Andiamo a Como per fare la nostra partita cercando di sviluppare quello che \u00e8 il nostro lavoro settimanale e di far bene&gt;. Mark Iuliano presenta cos\u00ec la sfida di domani pomeriggio alle 15 al Sinigaglia. Contro i lariani i nerazzurri cercano di dare continuit\u00e0 al gioco e ai risultati come afferma il trainer nerazzurro. [&hellip;]<\/p>\n","protected":false},"author":60,"featured_media":168783,"comment_status":"open","ping_status":"closed","sticky":false,"template":"","format":"standard","meta":{"footnotes":""},"categories":[17],"tags":[],"class_list":["post-169929","post","type-post","status-publish","format-standard","has-post-thumbnail","hentry","category-sport"],"_links":{"self":[{"href":"https:\/\/www.radioluna.it\/news\/wp-json\/wp\/v2\/posts\/169929","targetHints":{"allow":["GET"]}}],"collection":[{"href":"https:\/\/www.radioluna.it\/news\/wp-json\/wp\/v2\/posts"}],"about":[{"href":"https:\/\/www.radioluna.it\/news\/wp-json\/wp\/v2\/types\/post"}],"author":[{"embeddable":true,"href":"https:\/\/www.radioluna.it\/news\/wp-json\/wp\/v2\/users\/60"}],"replies":[{"embeddable":true,"href":"https:\/\/www.radioluna.it\/news\/wp-json\/wp\/v2\/comments?post=169929"}],"version-history":[{"count":0,"href":"https:\/\/www.radioluna.it\/news\/wp-json\/wp\/v2\/posts\/169929\/revisions"}],"wp:featuredmedia":[{"embeddable":true,"href":"https:\/\/www.radioluna.it\/news\/wp-json\/wp\/v2\/media\/168783"}],"wp:attachment":[{"href":"https:\/\/www.radioluna.it\/news\/wp-json\/wp\/v2\/media?parent=169929"}],"wp:term":[{"taxonomy":"category","embeddable":true,"href":"https:\/\/www.radioluna.it\/news\/wp-json\/wp\/v2\/categories?post=169929"},{"taxonomy":"post_tag","embeddable":true,"href":"https:\/\/www.radioluna.it\/news\/wp-json\/wp\/v2\/tags?post=169929"}],"curies":[{"name":"wp","href":"https:\/\/api.w.org\/{rel}","templated":true}]}}