{"id":169932,"date":"2015-10-24T08:14:32","date_gmt":"2015-10-24T06:14:32","guid":{"rendered":"http:\/\/www.radioluna.it\/news\/?p=169932"},"modified":"2015-10-24T08:38:55","modified_gmt":"2015-10-24T06:38:55","slug":"il-clan-ciarelli-di-silvio-agiva-con-metodo-mafioso-la-corte-dappello-conferma-il-teorema-di-primo-grado","status":"publish","type":"post","link":"https:\/\/www.radioluna.it\/news\/2015\/10\/il-clan-ciarelli-di-silvio-agiva-con-metodo-mafioso-la-corte-dappello-conferma-il-teorema-di-primo-grado\/","title":{"rendered":"Il clan Ciarelli-Di Silvio agiva con metodo mafioso: la Corte D&#8217;Appello conferma tutto"},"content":{"rendered":"<div id=\"fb-root\"><\/div>\n<div id=\"attachment_169933\" style=\"width: 253px\" class=\"wp-caption alignleft\"><a href=\"http:\/\/www.radioluna.it\/news\/wp-content\/uploads\/2015\/10\/CIARELLI-Carmine.jpg\"><img loading=\"lazy\" decoding=\"async\" aria-describedby=\"caption-attachment-169933\" class=\"size-medium wp-image-169933\" src=\"http:\/\/www.radioluna.it\/news\/wp-content\/uploads\/2015\/10\/CIARELLI-Carmine-243x300.jpg\" alt=\"Carmine Ciarelli, il capo\" width=\"243\" height=\"300\" srcset=\"https:\/\/www.radioluna.it\/news\/wp-content\/uploads\/2015\/10\/CIARELLI-Carmine-243x300.jpg 243w, https:\/\/www.radioluna.it\/news\/wp-content\/uploads\/2015\/10\/CIARELLI-Carmine-500x617.jpg 500w, https:\/\/www.radioluna.it\/news\/wp-content\/uploads\/2015\/10\/CIARELLI-Carmine-300x370.jpg 300w, https:\/\/www.radioluna.it\/news\/wp-content\/uploads\/2015\/10\/CIARELLI-Carmine.jpg 513w\" sizes=\"auto, (max-width: 243px) 100vw, 243px\" \/><\/a><p id=\"caption-attachment-169933\" class=\"wp-caption-text\">Carmine Ciarelli, il capo<\/p><\/div>\n<p style=\"text-align: justify;\"><strong>LATINA<\/strong> &#8211;\u00a0Il clan Ciarelli-Di Silvio \u00e8 un&#8217;organizzazione criminale che agisce con metodo mafioso. Lo hanno confermato i giudici d&#8217;appello con la sentenza emessa ieri che ha stabilito condanne per duecento anni di carcere nei confronti di 23 imputati che rispondevano di circa 50 capi di imputazione. Una lunga lista di reati: tentati omicidi, rapine, usura, minacce ed estorsione commessi da un gruppo organizzato con capi che dettavano strategie e stabilivano le modalit\u00e0 operative e avevano creato una sorta di banca illegale che erogava mutui a tassi usurai. Confermato anche il ruolo delle donne del clan, sostituivano i mariti nei periodi di detenzione. Quattro di loro \u00a0sono state condannate oggi a pene comprese tra 4 anni e 8 mesi e i due anni di carcere.<br \/>\nRegge dunque l&#8217;impianto accusatorio costruito da investigatori e inquirenti pontini dopo la guerra criminale che aveva sconvolto Latina nel 2010 con un tentato omicidio quello di Carmine Ciarelli e due omicidi quello di Massimiliano Moro e Fabio Buonamano. Tutto in 48 ore. I giudici della Terza sezione hanno rimodulato le pene. La condanna pi\u00f9 pesante per uno dei capi, Carmine Ciarelli che dovr\u00e0 scontare 20 anni e sei mesi di carcere. Assolto Costantino Di Silvio detto Patatone (gi\u00e0 in carcere perch\u00e9 reo confesso dell&#8217;omicidio di &#8220;Bistecca&#8221;) \u00a0, rispondeva in questo caso di di due tentati omicidi. La sentenza conferma come le famiglie Ciarelli e Di Silvio avessero \u00a0formato un unico sodalizio per &#8220;controllare&#8221; Latina.<\/p>\n<p style=\"text-align: justify;\">LE PENE &#8211; Lieve riduzione di pena per \u00a0Carmine Ciarelli condannato oggi a 20 anni e mezzo di reclusione (sei mesi in meno rispetto al primo grado), pi\u00f9 sensibile la riduzione per Carmine Di Silvio (13 anni e 11 mesi a fronte di 17 anni e due mesi); per Vincenzo Falzarano (7 anni a fronte di 13) e per Ferdinando &#8216;Pupett\u00f2 Di Silvio (3 anni a fronte di 4). Condanna aumentata (l&#8217;unica) per Antonio Di Silvio (7 anni e 4 mesi a fronte di 6), mentre \u00e8 stata confermata l&#8217;assoluzione gi\u00e0 disposta in primo grado per Antonio &#8216;Sapuro\u00ab Di Silvio.<\/p>\n<div class=\"radio-posizionamento-telefono-in-articoli-dopo-il-contenuto-articolo radio-entity-placement\" id=\"radio-1703523765\"><div id=\"radio-3238731473\"><a href=\"https:\/\/www.simeoneceramiche.com\/\" aria-label=\"SIMEONE CERAMICHE GIF animata per radioluna_Tavola disegno 1 copia 2 (online-video-cutter.com)\"><img loading=\"lazy\" decoding=\"async\" src=\"https:\/\/www.radioluna.it\/news\/wp-content\/uploads\/2025\/05\/SIMEONE-CERAMICHE-GIF-animata-per-radioluna_Tavola-disegno-1-copia-2-online-video-cutter.com_.gif\" alt=\"\"  width=\"300\" height=\"250\"   \/><\/a><\/div><\/div>","protected":false},"excerpt":{"rendered":"<p>LATINA &#8211;\u00a0Il clan Ciarelli-Di Silvio \u00e8 un&#8217;organizzazione criminale che agisce con metodo mafioso. Lo hanno confermato i giudici d&#8217;appello con la sentenza emessa ieri che ha stabilito condanne per duecento anni di carcere nei confronti di 23 imputati che rispondevano di circa 50 capi di imputazione. Una lunga lista di reati: tentati omicidi, rapine, usura, [&hellip;]<\/p>\n","protected":false},"author":62,"featured_media":169938,"comment_status":"open","ping_status":"closed","sticky":false,"template":"","format":"standard","meta":{"footnotes":""},"categories":[7],"tags":[],"class_list":["post-169932","post","type-post","status-publish","format-standard","has-post-thumbnail","hentry","category-cronaca"],"_links":{"self":[{"href":"https:\/\/www.radioluna.it\/news\/wp-json\/wp\/v2\/posts\/169932","targetHints":{"allow":["GET"]}}],"collection":[{"href":"https:\/\/www.radioluna.it\/news\/wp-json\/wp\/v2\/posts"}],"about":[{"href":"https:\/\/www.radioluna.it\/news\/wp-json\/wp\/v2\/types\/post"}],"author":[{"embeddable":true,"href":"https:\/\/www.radioluna.it\/news\/wp-json\/wp\/v2\/users\/62"}],"replies":[{"embeddable":true,"href":"https:\/\/www.radioluna.it\/news\/wp-json\/wp\/v2\/comments?post=169932"}],"version-history":[{"count":0,"href":"https:\/\/www.radioluna.it\/news\/wp-json\/wp\/v2\/posts\/169932\/revisions"}],"wp:featuredmedia":[{"embeddable":true,"href":"https:\/\/www.radioluna.it\/news\/wp-json\/wp\/v2\/media\/169938"}],"wp:attachment":[{"href":"https:\/\/www.radioluna.it\/news\/wp-json\/wp\/v2\/media?parent=169932"}],"wp:term":[{"taxonomy":"category","embeddable":true,"href":"https:\/\/www.radioluna.it\/news\/wp-json\/wp\/v2\/categories?post=169932"},{"taxonomy":"post_tag","embeddable":true,"href":"https:\/\/www.radioluna.it\/news\/wp-json\/wp\/v2\/tags?post=169932"}],"curies":[{"name":"wp","href":"https:\/\/api.w.org\/{rel}","templated":true}]}}