{"id":169946,"date":"2015-10-24T10:34:17","date_gmt":"2015-10-24T08:34:17","guid":{"rendered":"http:\/\/www.radioluna.it\/news\/?p=169946"},"modified":"2015-10-24T10:55:16","modified_gmt":"2015-10-24T08:55:16","slug":"anello-ciclabile-ultimo-tratto-e-nuove-polemiche-ma-la-lib-la-difende","status":"publish","type":"post","link":"https:\/\/www.radioluna.it\/news\/2015\/10\/anello-ciclabile-ultimo-tratto-e-nuove-polemiche-ma-la-lib-la-difende\/","title":{"rendered":"Anello ciclabile, ultimo tratto e nuove polemiche, ma la Lib la difende"},"content":{"rendered":"<div id=\"fb-root\"><\/div>\n<p style=\"text-align: justify;\"><strong>[flagallery gid=440]<\/strong><\/p>\n<p style=\"text-align: justify;\"><strong>LATINA<\/strong> &#8211;\u00a0Sono iniziati i lavori per il completamento del contestatissimo anello ciclabile del centro di Latina, un passaggio obbligatorio per evitare di perdere il finanziamento della Terna (la societ\u00e0 che gestisce l&#8217;elettrodotto Sardegna Latina). Una striscia rossa \u00e8 comparsa su alcuni marciapiedi (o tratti di strada) come quello che costeggia l&#8217;oratorio salesiano o da Via Eugenio di Savoia verso Via Pio VI. Tanto \u00e8 bastato per riaccendere la polemica mai sopita su quella che molti giudicano un&#8217;inutile e pericolosa opera pubblica.<\/p>\n<p style=\"text-align: justify;\">&#8220;Brutta e inutile, una striscia rossa, non certo una pista ciclabile&#8221;, \u00e8 il parere di alcuni cittadini, espresso anche sui social. In difesa dell&#8217;opera scende per\u00f2 la Lib \u00a0(l&#8217;associazione Latina in Bicicletta): \u201cE&#8217; un opera di civilt\u00e0, un buonissimo punto di partenza \u201d, commenta il presidente Dario Bellini, che non ha mai nascosto e anzi ha sottolineato le numerose criticit\u00e0 del progetto realizzato dall&#8217;Amministrazione quando era ancora in piedi la giunta Di Giorgi.<\/p>\n<p style=\"text-align: justify;\">&#8220;Da qui chiunque verr\u00e0 per amministrare la nostra citt\u00e0, dovr\u00e0 ripartire per portare Latina, nata sulla bici, a rinnegare quel triste primato di citt\u00e0 col pi\u00f9 alto numero di auto per abitante in Italia con tutto ci\u00f2 che ne consegue per mortalit\u00e0, smog, costi sociali, qualit\u00e0 della vita. Con i lavori di oggi si comincia a collegare il nostro anello ciclabile al tessuto cittadino con una prima direttrice che lo indirizza verso l&#8217;esterno, in questo caso verso la ciclabile di via del lido&#8221;.<\/p>\n<p style=\"text-align: justify;\">L&#8217;ultimo tratto dell&#8217;anello ha infatti come obiettivo quello di collegare il centro con la pista di Via Del Lido. Lungo il percorso\u00a0\u00a0arrivano anche le prime cinque rastrelliere blocca telaio per parcheggiare le bici.<\/p>\n<div class=\"radio-posizionamento-telefono-in-articoli-dopo-il-contenuto-articolo radio-entity-placement\" id=\"radio-4246544335\"><div id=\"radio-2718995817\"><a href=\"https:\/\/grupporedi.it\/\" aria-label=\"Redi-Qr\"><img loading=\"lazy\" decoding=\"async\" src=\"https:\/\/www.radioluna.it\/news\/wp-content\/uploads\/2026\/03\/Redi-Qr.jpg\" alt=\"\"  srcset=\"https:\/\/www.radioluna.it\/news\/wp-content\/uploads\/2026\/03\/Redi-Qr.jpg 800w, https:\/\/www.radioluna.it\/news\/wp-content\/uploads\/2026\/03\/Redi-Qr-768x639.jpg 768w\" sizes=\"(max-width: 800px) 100vw, 800px\" width=\"300\" height=\"250\"   \/><\/a><\/div><\/div>","protected":false},"excerpt":{"rendered":"<p>[flagallery gid=440] LATINA &#8211;\u00a0Sono iniziati i lavori per il completamento del contestatissimo anello ciclabile del centro di Latina, un passaggio obbligatorio per evitare di perdere il finanziamento della Terna (la societ\u00e0 che gestisce l&#8217;elettrodotto Sardegna Latina). Una striscia rossa \u00e8 comparsa su alcuni marciapiedi (o tratti di strada) come quello che costeggia l&#8217;oratorio salesiano o [&hellip;]<\/p>\n","protected":false},"author":62,"featured_media":169948,"comment_status":"open","ping_status":"closed","sticky":false,"template":"","format":"standard","meta":{"footnotes":""},"categories":[7,2311],"tags":[],"class_list":["post-169946","post","type-post","status-publish","format-standard","has-post-thumbnail","hentry","category-cronaca","category-foto"],"_links":{"self":[{"href":"https:\/\/www.radioluna.it\/news\/wp-json\/wp\/v2\/posts\/169946","targetHints":{"allow":["GET"]}}],"collection":[{"href":"https:\/\/www.radioluna.it\/news\/wp-json\/wp\/v2\/posts"}],"about":[{"href":"https:\/\/www.radioluna.it\/news\/wp-json\/wp\/v2\/types\/post"}],"author":[{"embeddable":true,"href":"https:\/\/www.radioluna.it\/news\/wp-json\/wp\/v2\/users\/62"}],"replies":[{"embeddable":true,"href":"https:\/\/www.radioluna.it\/news\/wp-json\/wp\/v2\/comments?post=169946"}],"version-history":[{"count":0,"href":"https:\/\/www.radioluna.it\/news\/wp-json\/wp\/v2\/posts\/169946\/revisions"}],"wp:featuredmedia":[{"embeddable":true,"href":"https:\/\/www.radioluna.it\/news\/wp-json\/wp\/v2\/media\/169948"}],"wp:attachment":[{"href":"https:\/\/www.radioluna.it\/news\/wp-json\/wp\/v2\/media?parent=169946"}],"wp:term":[{"taxonomy":"category","embeddable":true,"href":"https:\/\/www.radioluna.it\/news\/wp-json\/wp\/v2\/categories?post=169946"},{"taxonomy":"post_tag","embeddable":true,"href":"https:\/\/www.radioluna.it\/news\/wp-json\/wp\/v2\/tags?post=169946"}],"curies":[{"name":"wp","href":"https:\/\/api.w.org\/{rel}","templated":true}]}}