{"id":169953,"date":"2015-10-24T13:29:53","date_gmt":"2015-10-24T11:29:53","guid":{"rendered":"http:\/\/www.radioluna.it\/news\/?p=169953"},"modified":"2015-10-30T07:35:56","modified_gmt":"2015-10-30T06:35:56","slug":"la-grande-bellezza-del-giardino-di-ninfa-la-fondazione-ritira-il-premio","status":"publish","type":"post","link":"https:\/\/www.radioluna.it\/news\/2015\/10\/la-grande-bellezza-del-giardino-di-ninfa-la-fondazione-ritira-il-premio\/","title":{"rendered":"La grande bellezza del Giardino di Ninfa: la Fondazione ritira il Premio"},"content":{"rendered":"<div id=\"fb-root\"><\/div>\n<p>[flagallery gid=441]<\/p>\n<p style=\"text-align: justify;\"><strong>NINFA<\/strong> &#8211; Ninfa \u00e8 il Giardino privato pi\u00f9 bello d&#8217;Italia. E lo \u00e8 pi\u00f9 o meno dalla sua nascita, \u00a0anche per essere sorto sulle rovine di una citt\u00e0 medioevale in cui fu incoronato addirittura un Papa. E&#8217; proprio questo mix a farne una cosa speciale.<\/p>\n<p style=\"text-align: justify;\"><span style=\"line-height: 1.5;\">Quest&#8217;anno, poi, lo diventa anche ufficialmente, grazie al premio nazionale consegnato alla Fondazione Roffredo Caetani dal Network &#8220;Il Parco \u00a0pi\u00f9 bello D&#8217;Italia&#8221; (composto da 1000 realt\u00e0 verdi italiane) sostenuto dal giudizio di un importante comitato scientifico presieduto dal professor Vincenzo Cazzato e composto da esperti botanici e da studiosi di beni storico-monumentali.<\/span><\/p>\n<p style=\"text-align: justify;\">Il riconoscimento \u00a0&#8211; come dicevamo &#8211; non \u00e8 una sorpresa e anzi era atteso da chi ha visitato il giardino di Ninfa anche pi\u00f9 volte, stupendosi sempre e scoprendolo ogni volta nuovo, per via dei colori, dei suoni, della luce che cambiano durante il giorno e le stagioni. Per via dell&#8217;acqua che lo attraversa suonando un perenne concerto. Agli altri, a cui \u00e8 mancata l&#8217;occasione giusta per visitarlo, arriva invece, proprio con questo premio, il suggerimento di affrettarsi a farlo.<\/p>\n<p style=\"text-align: justify;\">La consegna \u00e8 avvenuta con una cerimonia che si \u00e8 svolta nel salone dell&#8217;antico Municipio Medievale di Ninfa da parte del presidente del Network Il parco pi\u00f9 bello D&#8217;Italia, Leandro Mastria: &#8220;Abbiamo avuto tra il 2014 e il 2015 oltre 140mila visitatori &#8211; ha sottolineato il Presidente della Fondazione Roffredo Caetani, Piergiacomo Sottoriva &#8211; Ci hanno ripagato di tanti sacrifici, ma ci hanno anche imposto di valutare la sostenibilit\u00e0 dell&#8217;impatto di queste visite, cosa di cui si sta occupando un&#8217;apposita commissione. Ci muoviamo per arricchire le aperture e non per limitarci ad un brusco numero chiuso globale e anche perch\u00e9 Ninfa sia sempre pi\u00f9 sentita come valore sociale&#8221;.<\/p>\n<p style=\"text-align: justify;\">Nel Salone delle adunanze di Ninfa, un lungo applauso ha accompagnato la menzione degli oltre 50 giardinieri che si sono occupati e che si occupano quotidianamente della salute dell&#8217;oasi verde.<\/p>\n<p style=\"text-align: justify;\">&#8220;Questo giardino nasce dalla profonda cultura e dall&#8217;amore dei Caetani per la conoscenza, per il bello, per la difesa dell&#8217;ambiente e del territorio, principi che hanno sostenuto la loro opera&#8221;, ha sottolineato il direttore del Monumento Naturale, Lauro Marchetti raccontando la storia sentimentale del giardino e spiegando che \u00e8 il frutto di un amore che continua a vivere. &#8220;Non esiste un&#8217;ultima pagina del libro dei giardini, perch\u00e9 non esiste una prima &#8211; ha citato Marchetti &#8211; perch\u00e9 in ognuno di noi c&#8217;\u00e8 un giardino pronto a fiorire e dobbiamo coltivarlo&#8221;.<\/p>\n<p style=\"text-align: justify;\"><b>DONNE E DNA VERDE<\/b>&#8211; Questo Giardino in provincia di Latina \u00e8 una bellezza unica e chi lo visita si accorger\u00e0 che dietro di esso c&#8217;\u00e8 l&#8217;opera di alcune donne, e in particolare di una, Donna Lelia Caetani, che a met\u00e0 del secolo scorso ha dato il tocco finale ad un progetto nato dall&#8217;idea dei suoi avi che avevano a loro volta ereditato nei geni, le passioni dei loro predecessori che, prima nel Cinquecento e poi nel Settecento, si erano dedicati alla creazione di Giardini Botanici di cui restano preziose tracce nei libri di storia per l&#8217;importanza scientifica e per la genialit\u00e0 che ne furono le caratteristiche principali. Lo ha ricordato proprio in occasione della consegna del Premio Alberta Campitelli, sovrintendente delle ville e dei parchi storici di Roma.<\/p>\n<p style=\"text-align: justify;\"><strong>UN PO&#8217; DI STORIA<\/strong> &#8211; E&#8217; alla fine dell&#8217;Ottocento che i Caetani, e in particolare Ada Bootle Wilbraham, moglie di Onorato Caetani, e i due figli, Gelasio e Roffredo, si occuparono dell&#8217;antica citt\u00e0 di Ninfa decidendo di crearvi un giardino &#8220;romantico&#8221; in stile anglosassone. Non fu semplice: prima dovettero bonificare le paludi e liberare le rovine dai rovi, poi \u00a0&#8211; come ricorda sul suo sito, la Fondazione Caetani che gestisce quello che oggi \u00e8 un Monumento Naturale regionale &#8211; &#8220;piantarono i primi cipressi, lecci, faggi, oggi maestosi, rose in gran numero, e restaurarono alcune rovine. Marguerite Chapin, moglie di Roffredo Caetani, continu\u00f2 la cura del giardino introducendo nuove specie di arbusti e rose e negli anni Trenta del Novecento apr\u00ec le sue porte all\u2019importante circolo di letterati ed artisti legato alle riviste da lei fondate, \u201cCommerce\u201d e \u201cBotteghe Oscure\u201d, come luogo ideale in cui ispirarsi.\u00a0L\u2019ultima erede e giardiniera fu Lelia, figlia di Roffredo Caetani che fece il resto curando il giardino come un grande quadro, accostando colori e assecondando il naturale sviluppo delle piante, senza forzature, ed evitando l\u2019uso di sostanze inquinanti. \u00a0Donna Lelia mor\u00ec nel 1977, ma prima della sua morte decise di istituire la Fondazione Roffredo Caetani al fine di tutelare la memoria del Casato Caetani, di preservare il giardino di Ninfa e il castello di Sermoneta, e di valorizzare il territorio pontino e lepino&#8221;.<\/p>\n<div class=\"radio-posizionamento-telefono-in-articoli-dopo-il-contenuto-articolo radio-entity-placement\" id=\"radio-401387063\"><div id=\"radio-1008948059\" style=\"width: 300px;height: 250px;\"><a href=\"https:\/\/www.icarspa.it\/auto\/usate\/latina\/\" aria-label=\"banner aprile icar new life &#8211; auto usate latina\"><img loading=\"lazy\" decoding=\"async\" src=\"https:\/\/www.radioluna.it\/news\/wp-content\/uploads\/2026\/02\/banner-aprile-icar-new-life-auto-usate-latina.gif\" alt=\"\"  width=\"300\" height=\"250\"   \/><\/a><\/div><\/div>","protected":false},"excerpt":{"rendered":"<p>[flagallery gid=441] NINFA &#8211; Ninfa \u00e8 il Giardino privato pi\u00f9 bello d&#8217;Italia. E lo \u00e8 pi\u00f9 o meno dalla sua nascita, \u00a0anche per essere sorto sulle rovine di una citt\u00e0 medioevale in cui fu incoronato addirittura un Papa. E&#8217; proprio questo mix a farne una cosa speciale. Quest&#8217;anno, poi, lo diventa anche ufficialmente, grazie al [&hellip;]<\/p>\n","protected":false},"author":62,"featured_media":169680,"comment_status":"open","ping_status":"closed","sticky":false,"template":"","format":"standard","meta":{"footnotes":""},"categories":[12,2311],"tags":[],"class_list":["post-169953","post","type-post","status-publish","format-standard","has-post-thumbnail","hentry","category-ambiente","category-foto"],"_links":{"self":[{"href":"https:\/\/www.radioluna.it\/news\/wp-json\/wp\/v2\/posts\/169953","targetHints":{"allow":["GET"]}}],"collection":[{"href":"https:\/\/www.radioluna.it\/news\/wp-json\/wp\/v2\/posts"}],"about":[{"href":"https:\/\/www.radioluna.it\/news\/wp-json\/wp\/v2\/types\/post"}],"author":[{"embeddable":true,"href":"https:\/\/www.radioluna.it\/news\/wp-json\/wp\/v2\/users\/62"}],"replies":[{"embeddable":true,"href":"https:\/\/www.radioluna.it\/news\/wp-json\/wp\/v2\/comments?post=169953"}],"version-history":[{"count":0,"href":"https:\/\/www.radioluna.it\/news\/wp-json\/wp\/v2\/posts\/169953\/revisions"}],"wp:featuredmedia":[{"embeddable":true,"href":"https:\/\/www.radioluna.it\/news\/wp-json\/wp\/v2\/media\/169680"}],"wp:attachment":[{"href":"https:\/\/www.radioluna.it\/news\/wp-json\/wp\/v2\/media?parent=169953"}],"wp:term":[{"taxonomy":"category","embeddable":true,"href":"https:\/\/www.radioluna.it\/news\/wp-json\/wp\/v2\/categories?post=169953"},{"taxonomy":"post_tag","embeddable":true,"href":"https:\/\/www.radioluna.it\/news\/wp-json\/wp\/v2\/tags?post=169953"}],"curies":[{"name":"wp","href":"https:\/\/api.w.org\/{rel}","templated":true}]}}