{"id":169962,"date":"2015-10-24T18:14:55","date_gmt":"2015-10-24T16:14:55","guid":{"rendered":"http:\/\/www.radioluna.it\/news\/?p=169962"},"modified":"2015-10-24T18:14:55","modified_gmt":"2015-10-24T16:14:55","slug":"latina-ambiente-il-lavoratori-incontrano-il-sub-commissario-albertini","status":"publish","type":"post","link":"https:\/\/www.radioluna.it\/news\/2015\/10\/latina-ambiente-il-lavoratori-incontrano-il-sub-commissario-albertini\/","title":{"rendered":"Latina Ambiente, il lavoratori incontrano il sub commissario Albertini"},"content":{"rendered":"<div id=\"fb-root\"><\/div>\n<div id=\"attachment_163408\" style=\"width: 645px\" class=\"wp-caption aligncenter\"><a href=\"http:\/\/www.radioluna.it\/news\/wp-content\/uploads\/2015\/04\/latina-ambiente-2.jpg\"><img loading=\"lazy\" decoding=\"async\" aria-describedby=\"caption-attachment-163408\" class=\"size-thumbnail wp-image-163408\" src=\"http:\/\/www.radioluna.it\/news\/wp-content\/uploads\/2015\/04\/latina-ambiente-2-635x357.jpg\" alt=\"I lavoratori della Latina Ambiente manifestano sotto il Comune\" width=\"635\" height=\"357\" srcset=\"https:\/\/www.radioluna.it\/news\/wp-content\/uploads\/2015\/04\/latina-ambiente-2-635x357.jpg 635w, https:\/\/www.radioluna.it\/news\/wp-content\/uploads\/2015\/04\/latina-ambiente-2-768x432.jpg 768w, https:\/\/www.radioluna.it\/news\/wp-content\/uploads\/2015\/04\/latina-ambiente-2-500x281.jpg 500w, https:\/\/www.radioluna.it\/news\/wp-content\/uploads\/2015\/04\/latina-ambiente-2-300x169.jpg 300w, https:\/\/www.radioluna.it\/news\/wp-content\/uploads\/2015\/04\/latina-ambiente-2-1024x576.jpg 1024w, https:\/\/www.radioluna.it\/news\/wp-content\/uploads\/2015\/04\/latina-ambiente-2-800x450.jpg 800w, https:\/\/www.radioluna.it\/news\/wp-content\/uploads\/2015\/04\/latina-ambiente-2.jpg 1000w\" sizes=\"auto, (max-width: 635px) 100vw, 635px\" \/><\/a><p id=\"caption-attachment-163408\" class=\"wp-caption-text\">I lavoratori della Latina Ambiente manifestano sotto il Comune<\/p><\/div>\n<p style=\"text-align: justify;\"><strong>LATINA<\/strong> &#8211;\u00a0Marted\u00ec prossimo, 27 ottobre, si terr\u00e0 l\u2019incontro tra il sub commissario Albertini e i lavoratori della Latina Ambiente nella sala riunioni di via Monti Lepini.<\/p>\n<p style=\"text-align: justify;\">&#8220;Abbiamo apprezzato la disponibilit\u00e0 delle istituzioni &#8211; affermano Anna Moretti e Armando Cardarelli della segretaria Ugl Igiene Ambientale &#8211; ora attendiamo l\u2019incontro dove i lavoratori tutti potranno ascoltare direttamente dal commissario le scelte fatte dal comune.\u00a0Nel precedente incontro tenutosi in Comune il sub commissario ha ribadito l\u2019impegno a garantire ai lavoratori tutti i diritti di salvaguardia, ora attendiamo che dalle parole si possa passare ai fatti; sappiamo che ancora si devono definire alcuni aspetti inerenti la societ\u00e0, ma nulla deve riguardare chi fino ad oggi ha garantito pulizia sia nelle scuole e nella citt\u00e0 garantendo seppur tra numerose difficolt\u00e0 un aspetto decoroso&#8221;.<\/p>\n<p style=\"text-align: justify;\">Gli Rsu e Rsa Ciro Pontone e Simonetta Carocci hanno sensibilizzato tutti i lavoratori a partecipare a tale assemblea, affermando l&#8217;importanza dell&#8217;incontro con chi ancora oggi rappresenta il socio di maggioranza, e la possibilit\u00e0 di confrontarsi.<\/p>\n<p style=\"text-align: justify;\">La segreteria della Ugl anticipa che nell&#8217;incontro si dovrebbe fissare un protocollo sugli affidamenti che il comune intende fare per salvaguardare occupazione e reddito. &#8220;Con questo documento intendiamo affermare con forza quello gi\u00e0 anticipato dal sub commissario come priorit\u00e0 ovvero l&#8217;occupazione e la qualit\u00e0 del lavoro&#8221; afferma Armando Valiani della segreteria regionale.<\/p>\n<div class=\"radio-posizionamento-telefono-in-articoli-dopo-il-contenuto-articolo radio-entity-placement\" id=\"radio-3459963401\"><div id=\"radio-316962481\" style=\"width: 300px;height: 250px;\"><a href=\"https:\/\/www.icarspa.it\/auto\/usate\/latina\/\" aria-label=\"banner aprile icar new life &#8211; auto usate latina\"><img loading=\"lazy\" decoding=\"async\" src=\"https:\/\/www.radioluna.it\/news\/wp-content\/uploads\/2026\/02\/banner-aprile-icar-new-life-auto-usate-latina.gif\" alt=\"\"  width=\"300\" height=\"250\"   \/><\/a><\/div><\/div>","protected":false},"excerpt":{"rendered":"<p>LATINA &#8211;\u00a0Marted\u00ec prossimo, 27 ottobre, si terr\u00e0 l\u2019incontro tra il sub commissario Albertini e i lavoratori della Latina Ambiente nella sala riunioni di via Monti Lepini. &#8220;Abbiamo apprezzato la disponibilit\u00e0 delle istituzioni &#8211; affermano Anna Moretti e Armando Cardarelli della segretaria Ugl Igiene Ambientale &#8211; ora attendiamo l\u2019incontro dove i lavoratori tutti potranno ascoltare direttamente [&hellip;]<\/p>\n","protected":false},"author":60,"featured_media":163408,"comment_status":"open","ping_status":"closed","sticky":false,"template":"","format":"standard","meta":{"footnotes":""},"categories":[11],"tags":[],"class_list":["post-169962","post","type-post","status-publish","format-standard","has-post-thumbnail","hentry","category-economia"],"_links":{"self":[{"href":"https:\/\/www.radioluna.it\/news\/wp-json\/wp\/v2\/posts\/169962","targetHints":{"allow":["GET"]}}],"collection":[{"href":"https:\/\/www.radioluna.it\/news\/wp-json\/wp\/v2\/posts"}],"about":[{"href":"https:\/\/www.radioluna.it\/news\/wp-json\/wp\/v2\/types\/post"}],"author":[{"embeddable":true,"href":"https:\/\/www.radioluna.it\/news\/wp-json\/wp\/v2\/users\/60"}],"replies":[{"embeddable":true,"href":"https:\/\/www.radioluna.it\/news\/wp-json\/wp\/v2\/comments?post=169962"}],"version-history":[{"count":0,"href":"https:\/\/www.radioluna.it\/news\/wp-json\/wp\/v2\/posts\/169962\/revisions"}],"wp:featuredmedia":[{"embeddable":true,"href":"https:\/\/www.radioluna.it\/news\/wp-json\/wp\/v2\/media\/163408"}],"wp:attachment":[{"href":"https:\/\/www.radioluna.it\/news\/wp-json\/wp\/v2\/media?parent=169962"}],"wp:term":[{"taxonomy":"category","embeddable":true,"href":"https:\/\/www.radioluna.it\/news\/wp-json\/wp\/v2\/categories?post=169962"},{"taxonomy":"post_tag","embeddable":true,"href":"https:\/\/www.radioluna.it\/news\/wp-json\/wp\/v2\/tags?post=169962"}],"curies":[{"name":"wp","href":"https:\/\/api.w.org\/{rel}","templated":true}]}}