{"id":169969,"date":"2015-10-24T20:25:57","date_gmt":"2015-10-24T18:25:57","guid":{"rendered":"http:\/\/www.radioluna.it\/news\/?p=169969"},"modified":"2015-10-24T20:27:36","modified_gmt":"2015-10-24T18:27:36","slug":"damiano-coletta-si-presenta-trasparenza-amministrativa-e-interesse-per-la-collettivita","status":"publish","type":"post","link":"https:\/\/www.radioluna.it\/news\/2015\/10\/damiano-coletta-si-presenta-trasparenza-amministrativa-e-interesse-per-la-collettivita\/","title":{"rendered":"Damiano Coletta si presenta: trasparenza e interesse per la collettivit\u00e0"},"content":{"rendered":"<div id=\"fb-root\"><\/div>\n<p style=\"text-align: justify;\"><strong><a href=\"http:\/\/www.radioluna.it\/news\/wp-content\/uploads\/2015\/10\/coletta-2.jpg\"><img loading=\"lazy\" decoding=\"async\" class=\"aligncenter size-thumbnail wp-image-169970\" src=\"http:\/\/www.radioluna.it\/news\/wp-content\/uploads\/2015\/10\/coletta-2-635x476.jpg\" alt=\"coletta 2\" width=\"635\" height=\"476\" srcset=\"https:\/\/www.radioluna.it\/news\/wp-content\/uploads\/2015\/10\/coletta-2-635x476.jpg 635w, https:\/\/www.radioluna.it\/news\/wp-content\/uploads\/2015\/10\/coletta-2-768x576.jpg 768w, https:\/\/www.radioluna.it\/news\/wp-content\/uploads\/2015\/10\/coletta-2-500x375.jpg 500w, https:\/\/www.radioluna.it\/news\/wp-content\/uploads\/2015\/10\/coletta-2-300x225.jpg 300w, https:\/\/www.radioluna.it\/news\/wp-content\/uploads\/2015\/10\/coletta-2-1024x768.jpg 1024w, https:\/\/www.radioluna.it\/news\/wp-content\/uploads\/2015\/10\/coletta-2-800x600.jpg 800w, https:\/\/www.radioluna.it\/news\/wp-content\/uploads\/2015\/10\/coletta-2.jpg 1000w\" sizes=\"auto, (max-width: 635px) 100vw, 635px\" \/><\/a><\/strong><\/p>\n<p style=\"text-align: justify;\"><strong>LATINA<\/strong> &#8211; \u00a0&#8220;Non siamo alieni, siamo gente che lavora, che vive la citt\u00e0 in tutte le sue dimensioni, disposta a mettersi in gioco con la seriet\u00e0 e la credibilit\u00e0 che ognuno ha costruito nel tempo attraverso la propria storia. Perch\u00e9 \u00e8 di questo che ora abbiamo bisogno. Non siamo politici di professione, ma non siamo per l\u2019antipolitica. Siamo per la buona politica&#8221;, sono alcune delle parole pronunciate oggi pomeriggio dal candidato sindaco Damiano Coletta,\u00a0nel discorso di presentazione del nuovo soggetto politico Latina Bene Comune, al liceo scientifico G.B.Grassi.<\/p>\n<p style=\"text-align: justify;\">Due ore scandite da momenti di informazione, progettualit\u00e0, comune costruzione del prossimo programma elettorale, ma anche da inserti di intrattenimento affidati alla musica, alla prosa, all\u2019improvvisazione teatrale.\u00a0A introdurre le parole del candidato sindaco, la testimonianza delle donne e degli uomini confluiti in LBC. Paola Briganti ha spiegato Latina Bene Comune, come \u00e8 nata, i suoi obiettivi poi ampliati fino a divenire le linee di massima del futuro programma elettorale illustrate da Oliver Tassi. Valeria Campagna e Giulio Meloni, due ragazzi, hanno annunciato la creazione di una lista di under 30 con cui si metter\u00e0 in gioco chi al futuro guarda pi\u00f9 di altri, perch\u00e9 \u00abandare via non sia l\u2019unica alternativa possibile per i giovani di Latina\u00bb . Come aderire a Latina Bene Comune lo hanno spiegato Cristina Leggio ed Emanuele Di Russo, loro l\u2019invito a seguire gli eventi e le proposte di LBC sui social network e sul sito internet (www.latinabenecomune.it).<\/p>\n<p style=\"text-align: justify;\">Tra gli artisti saliti sul palco a sostegno del movimento: il duo di Cristiano Lui e Stefano Ciotola, il regista Renato Chiocca nel ruolo di presentatore, il coro \u201cD\u2019Altro Canto\u2026 nonostante tutto\u201d, la cantante Etta Lomasto con le ragazze del laboratorio vocale \u201cAudacity\u201d, Tony Montecalvo alla voce e alla chitarra, Annalisa Biancofiore accompagnata da Cristiano Lui alla fisarmonica, alcuni attori di Opera Prima e della compagnia Maia.<br \/>\nLa serata si \u00e8 chiusa sulle note di \u201cTodo cambia\u201d di Mercedes Sosa.<\/p>\n<p style=\"text-align: justify;\"><strong>Damiano Coletta<\/strong> ha presentato l&#8217;obiettivo politico del movimento:<\/p>\n<p style=\"text-align: justify;\"><strong>LA BUONA POLITICA<\/strong>.\u00a0Questo \u00e8 sicuramente uno dei momenti pi\u00f9 bui della storia della nostra citt\u00e0.\u00a0La classe politica che ci ha amministrato in questi ultimi 15 anni ha indiscutibilmente fallito.\u00a0Ci hanno lasciato macerie, una citt\u00e0 senza identit\u00e0, con molteplici indagini della Procura in corso e con lo spettro di un dissesto finanziario dietro l&#8217;angolo.\u00a0Ci hanno voluto far credere, perch\u00e9 cos\u00ec conviene, che questa citt\u00e0 sia malata cronicamente.<br \/>\nInvece \u00e8 malato il sistema politico che l&#8217;ha gestita e pensata in maniera mediocre. Pensiamo anche solo alle due ultime consiliature finite tra insulti nel commissariamento. La prima conseguenza di tutto questo dovrebbe essere un\u2019onesta, quanto impossibile, &#8220;assunzione di responsabilit\u00e0&#8221;.\u00a0\u00c8 singolare questa masochistica abitudine tutta italiana, di votare personaggi spesso impresentabili per poi inveire contro di loro, definendoli incapaci e sospettandoli di corruzione.<\/p>\n<p style=\"text-align: justify;\"><strong>DON&#8217;T TOUCH<\/strong>. L&#8217;esito dell\u2019operazione \u201cDon\u2019t Touch\u201d, per la quale non finiremo mai di ringraziare la Magistratura e le forze dell\u2019Ordine. E siamo solo all\u2019inizio. Dall\u2019inchiesta emerge un quadro allarmante di prossimit\u00e0 tra la malavita locale e le istituzioni. Un quadro che non sorprende affatto, visto che da anni sono costretti a subirlo i cittadini di Latina. \u00c8 un quadro che ha contribuito al degrado sociale, economico e morale nel quale questa citt\u00e0 \u00e8 stata fatta sprofondare. Questo disastro ha responsabilit\u00e0 politiche molto precise, che i cittadini non possono pi\u00f9 far finta di non conoscere.\u00a0La nostra classe politica ha favorito in maniera diretta (se oltre che politicamente anche penalmente lo stabilir\u00e0 la Magistratura) la creazione di una \u201cTerra di Mezzo\u201d.\u00a0Ci sono state carriere politiche che hanno avuto inquietanti ascese, probabilmente favorite dal \u201cvoto di scambio\u201d, formando un cortocircuito tra malapolitica, malamministrazione e malaffare. E anche l\u2019opposizione, pur se in misura diversa, ha le sue responsabilit\u00e0, per essersi presentata agli appuntamenti pi\u00f9 importanti separata in casa, vittima di personalismi e malata di correntismo.\u00a0Davanti a questa situazione abbiamo due scelte: girare la faccia dall\u2019altra parte continuando solo a lamentarci oppure alzare la testa e reagire, rimboccandoci le maniche.<br \/>\nNon possiamo e non dobbiamo pi\u00f9 vergognarci di essere di Latina!<\/p>\n<p style=\"text-align: justify;\"><strong>I GIOVANI<\/strong>.\u00a0Latina Bene Comune, con le competenze di cui \u00e8 portatrice e l\u2019entusiasmo dei tanti giovani che stanno aderendo al progetto, \u00e8 la risposta a tutto questo. E questa sala oggi ci conferma che siamo sulla strada giusta.\u00a0Siamo persone perbene e di buona volont\u00e0, siamo gente qualunque ma non qualunquisti. Non siamo politici di professione, ma non siamo per l\u2019antipolitica. Siamo per la buona politica. Quella che parte dalle regole, che si basa sulla trasparenza amministrativa, sulla competenza, sull\u2019interesse per la collettivit\u00e0, sull\u2019etica della responsabilit\u00e0 e dei comportamenti. Quella che non ha bisogno di ostentare l\u2019onest\u00e0 e la legalit\u00e0 perch\u00e9 dovrebbero essere prerequisiti assoluti dai quali non si pu\u00f2 prescindere.<\/p>\n<p style=\"text-align: justify;\"><strong>IL PROGRAMMA<\/strong>.\u00a0Il nostro programma? Non serve prospettare beauty farm ed atmosfere da soap opera. Non serve scrivere un libro dei sogni. I problemi sono sotto gli occhi di tutti. Servono innanzitutto concretezza, fattibilit\u00e0 e sostenibilit\u00e0, anche economica. E servono la partecipazione e la condivisione dei cittadini, che devono tornare a sentirsi parte di una comunit\u00e0 e a lavorare insieme per il suo rilancio. L\u2019elaborazione del programma per grandi linee \u00e8 gi\u00e0 partita nel corso di questi anni attraverso l\u2019attenzione alle tante tematiche che le varie associazioni di cittadini hanno dimostrato di avere.\u00a0Mi riferisco al senso civico, all\u2019ambiente, alla mobilit\u00e0 sostenibile, all\u2019arredo urbano, ai servizi sociali, agli asili nido, all\u2019assistenza agli anziani perch\u00e9 \u00e8 dalla qualit\u00e0 della vita di tutti i giorni che bisogna ripartire.<\/p>\n<p style=\"text-align: justify;\"><strong>IL BENE COMUNE<\/strong>.\u00a0Abbiamo un Comitato di esperti e di consulenti che hanno grande competenza in materia di bilancio, di urbanistica e di ambiente.\u00a0Ma abbiamo bisogno del contributo di idee dei cittadini, di chi vive realmente la citt\u00e0.\u00a0Attraverso i nostri canali di comunicazione tutti possono partecipare, informarsi, collaborare al nostro progetto. Perch\u00e9 \u00e8 il progetto costruito dai cittadini attraverso un gioco di squadra in cui tutti devono riuscire a dare il loro contributo.\u00a0C\u2019\u00e8 bisogno del talento e del gregario.\u00a0Il nostro movimento vuole contribuire a generare una classe dirigente nuova, che abbia una sua verginit\u00e0 e che si ponga l\u2019obiettivo di mettere il bene comune, i beni comuni al centro della citt\u00e0.<\/p>\n<p style=\"text-align: justify;\">\n<div class=\"radio-posizionamento-telefono-in-articoli-dopo-il-contenuto-articolo radio-entity-placement\" id=\"radio-2413830694\"><div id=\"radio-336305811\"><a href=\"https:\/\/grupporedi.it\/\" aria-label=\"Redi-Qr\"><img loading=\"lazy\" decoding=\"async\" src=\"https:\/\/www.radioluna.it\/news\/wp-content\/uploads\/2026\/03\/Redi-Qr.jpg\" alt=\"\"  srcset=\"https:\/\/www.radioluna.it\/news\/wp-content\/uploads\/2026\/03\/Redi-Qr.jpg 800w, https:\/\/www.radioluna.it\/news\/wp-content\/uploads\/2026\/03\/Redi-Qr-768x639.jpg 768w\" sizes=\"(max-width: 800px) 100vw, 800px\" width=\"300\" height=\"250\"   \/><\/a><\/div><\/div>","protected":false},"excerpt":{"rendered":"<p>LATINA &#8211; \u00a0&#8220;Non siamo alieni, siamo gente che lavora, che vive la citt\u00e0 in tutte le sue dimensioni, disposta a mettersi in gioco con la seriet\u00e0 e la credibilit\u00e0 che ognuno ha costruito nel tempo attraverso la propria storia. Perch\u00e9 \u00e8 di questo che ora abbiamo bisogno. Non siamo politici di professione, ma non siamo [&hellip;]<\/p>\n","protected":false},"author":60,"featured_media":169971,"comment_status":"open","ping_status":"closed","sticky":false,"template":"","format":"standard","meta":{"footnotes":""},"categories":[8],"tags":[],"class_list":["post-169969","post","type-post","status-publish","format-standard","has-post-thumbnail","hentry","category-politica"],"_links":{"self":[{"href":"https:\/\/www.radioluna.it\/news\/wp-json\/wp\/v2\/posts\/169969","targetHints":{"allow":["GET"]}}],"collection":[{"href":"https:\/\/www.radioluna.it\/news\/wp-json\/wp\/v2\/posts"}],"about":[{"href":"https:\/\/www.radioluna.it\/news\/wp-json\/wp\/v2\/types\/post"}],"author":[{"embeddable":true,"href":"https:\/\/www.radioluna.it\/news\/wp-json\/wp\/v2\/users\/60"}],"replies":[{"embeddable":true,"href":"https:\/\/www.radioluna.it\/news\/wp-json\/wp\/v2\/comments?post=169969"}],"version-history":[{"count":0,"href":"https:\/\/www.radioluna.it\/news\/wp-json\/wp\/v2\/posts\/169969\/revisions"}],"wp:featuredmedia":[{"embeddable":true,"href":"https:\/\/www.radioluna.it\/news\/wp-json\/wp\/v2\/media\/169971"}],"wp:attachment":[{"href":"https:\/\/www.radioluna.it\/news\/wp-json\/wp\/v2\/media?parent=169969"}],"wp:term":[{"taxonomy":"category","embeddable":true,"href":"https:\/\/www.radioluna.it\/news\/wp-json\/wp\/v2\/categories?post=169969"},{"taxonomy":"post_tag","embeddable":true,"href":"https:\/\/www.radioluna.it\/news\/wp-json\/wp\/v2\/tags?post=169969"}],"curies":[{"name":"wp","href":"https:\/\/api.w.org\/{rel}","templated":true}]}}